{"id":2470,"date":"2025-06-15T06:32:11","date_gmt":"2025-06-15T04:32:11","guid":{"rendered":"https:\/\/e-reporter.ro\/?p=2470"},"modified":"2025-06-15T06:32:11","modified_gmt":"2025-06-15T04:32:11","slug":"administratia-prezidentiala-anunta-continuarea-evenimentului-porti-deschise-la-palatul-cotroceni-si-conditiile-de-vizitare-a-muzeului-national-cotroceni-valabile-incepand-cu-data-de","status":"publish","type":"post","link":"https:\/\/e-reporter.ro\/index.php\/2025\/06\/15\/administratia-prezidentiala-anunta-continuarea-evenimentului-porti-deschise-la-palatul-cotroceni-si-conditiile-de-vizitare-a-muzeului-national-cotroceni-valabile-incepand-cu-data-de\/","title":{"rendered":"Administra\u021bia Preziden\u021bial\u0103 anun\u021b\u0103 continuarea evenimentului \u201ePor\u021bi Deschise la Palatul Cotroceni\u201d \u0219i condi\u021biile de vizitare a Muzeului Na\u021bional Cotroceni, valabile \u00eencep\u00e2nd cu data de 14 iunie 2025"},"content":{"rendered":"\n<figure class=\"wp-block-image size-medium\"><img fetchpriority=\"high\" decoding=\"async\" width=\"260\" height=\"300\" src=\"https:\/\/e-reporter.ro\/wp-content\/uploads\/2025\/06\/mnc2-260x300.jpg\" alt=\"\" class=\"wp-image-2471\" style=\"aspect-ratio:3\/4;object-fit:cover\" srcset=\"https:\/\/e-reporter.ro\/wp-content\/uploads\/2025\/06\/mnc2-260x300.jpg 260w, https:\/\/e-reporter.ro\/wp-content\/uploads\/2025\/06\/mnc2.jpg 517w\" sizes=\"(max-width: 260px) 100vw, 260px\" \/><\/figure>\n\n\n\n<p>\u00cen urma aprob\u0103rii Pre\u0219edintelui Rom\u00e2niei, Nicu\u0219or Dan, Administra\u021bia Preziden\u021bial\u0103 va organiza \u00een continuare evenimentul \u201ePor\u021bi Deschise la Palatul Cotroceni\u201d \u00eentr-un format permanent, valabil \u00eencep\u00e2nd cu data de 14 iunie 2025.<\/p>\n\n\n\n<p>\u00cen cadrul evenimentului, \u00ee<strong>n zilele de s\u00e2mb\u0103t\u0103 \u0219i duminic\u0103, \u00een intervalul 10:00\u201318:00 (ora 17:00 ultima intrare \u00een cadrul Complexului \u201ePalat Cotroceni\u201d) urm\u0103toarele zone din incinta Complexului \u201ePalat Cotroceni\u201d se pot vizita, \u00een continuare, \u00een regim de gratuitate: Platoul de Ceremonii, gr\u0103dina Palatului Cotroceni \u2013 aflat\u0103 pe latura nordic\u0103 a complexului, Platoul Baroc, Biserica Palatului Cotroceni \u0219i cur\u021bile interioare adiacente cl\u0103dirilor Administra\u021biei Preziden\u021biale \u0219i Muzeului Na\u021bional Cotroceni.<\/strong><\/p>\n\n\n\n<p>\u00cen zilele respective, accesul publicului vizitator se va realiza exclusiv prin poarta principal\u0103 a Complexului \u201ePalat Cotroceni\u201d din Bd. Profesor Doctor Gheorghe Marinescu, iar ie\u0219irea se va putea face prin aceea\u0219i poart\u0103 sau prin poarta situat\u0103 la intersec\u021bia dintre Bulevardul Geniului \u0219i \u0218oseaua Cotroceni.<\/p>\n\n\n\n<p>Totodat\u0103, \u00een cadrul evenimentului \u201ePor\u021bi Deschise la Palatul Cotroceni\u201d,&nbsp;<strong>Administra\u021bia Preziden\u021bial\u0103 \u0219i Muzeul Na\u021bional Cotroceni anun\u021b\u0103 publicului vizitator men\u021binerea conceptului de vizitare a Muzeului Na\u021bional Cotroceni&nbsp;<u>f\u0103r\u0103 programare prealabil\u0103<\/u>, cu integrarea \u00een circuitul de vizitare a saloanelor de reprezentare \u0219i protocol ale Administra\u021biei Preziden\u021biale.<\/strong><\/p>\n\n\n\n<p><strong>Muzeul Na\u021bional Cotroceni<\/strong><\/p>\n\n\n\n<p><strong>PROGRAM\/TRASEE\/TARIFE &#8211; S\u00c2MB\u0102T\u0102-DUMINIC\u0102<\/strong><\/p>\n\n\n\n<p>Pentru zilele de s\u00e2mb\u0103t\u0103 \u0219i duminic\u0103, accesul se face exclusiv pe la poarta din Bd. Profesor Doctor Gheorghe Marinescu, \u00een intervalul orar 10:00-18:00 (ora 16:30 ultima intrare pe traseul interior de vizitare), format \u00een care vizitatorii pot opta pentru&nbsp;<strong>Traseul complet Muzeul Na\u021bional Cotroceni (etajul I \u0219i II) \u0219i Administra\u021bia Preziden\u021bial\u0103 (spa\u021biile de reprezentare \u0219i protocol din Corpul C9 &#8211; parter) \u2013 70 lei.<\/strong><\/p>\n\n\n\n<p><em>*<\/em><em>&nbsp;elevii \u0219i studen\u021bii au reducere 75%, iar pensionarii 50%.<\/em><\/p>\n\n\n\n<p>\u00cen zilele de s\u00e2mb\u0103t\u0103 \u0219i duminic\u0103 vizitarea se face f\u0103r\u0103 ghid.<\/p>\n\n\n\n<p><strong>Muzeul Na\u021bional Cotroceni<\/strong><\/p>\n\n\n\n<p><strong>PROGRAM\/TRASEE\/TARIFE \u2013 MAR\u021aI-VINERI<\/strong><\/p>\n\n\n\n<p>Pentru zilele de mar\u021bi, miercuri, joi \u0219i vineri, accesul se face exclusiv pe la poarta Muzeului Na\u021bional Cotroceni din \u0218oseaua Cotroceni, \u00een intervalul orar 10:00-18:00 (ora 17:00 ultima intrare pe traseul interior de vizitare), format \u00een care vizitatorii pot opta pentru urm\u0103toarele trasee:<\/p>\n\n\n\n<ul class=\"wp-block-list\">\n<li>Traseu Muzeul Na\u021bional Cotroceni (etajul I \u0219i II) cu ghid &#8211; 50 lei<\/li>\n\n\n\n<li>Traseu Muzeul Na\u021bional Cotroceni (etajul I \u0219i II) f\u0103r\u0103 ghid &#8211; 40 lei<\/li>\n\n\n\n<li>Tur expozi\u021bional (expozi\u021biile aflate pe simeza Muzeului Na\u021bional Cotroceni) \u2013 10 lei<\/li>\n<\/ul>\n\n\n\n<p><em>*<\/em><em>&nbsp;elevii \u0219i studen\u021bii au reducere 75%, iar pensionarii 50%.<\/em><\/p>\n\n\n\n<p>\u00cen zilele de mar\u021bi, miercuri, joi \u0219i vineri, vizitatorii pot opta pentru tur cu ghid sau tur f\u0103r\u0103 ghid.<\/p>\n\n\n\n<p>Tururile cu ghid \u00een limba rom\u00e2n\u0103 se formeaz\u0103 la urm\u0103toarele ore: 10:30, 12:30, 13:30, 14:30, 16:30. Dac\u0103 se opteaz\u0103 pentru tur f\u0103r\u0103 ghidaj, accesul se face \u00eencep\u00e2nd cu ora 10:00, la interval de 60 de minute.<\/p>\n\n\n\n<p>Tururile cu ghidaj \u00een limbi str\u0103ine se formeaz\u0103 la orele 11:30, 15:30.<\/p>\n\n\n\n<p>Recomand\u0103m procurarea biletelor online direct de pe pagina de internet a Muzeului Na\u021bional Cotroceni (<a href=\"http:\/\/www.muzeulcotroceni.ro\/\">www.muzeulcotroceni.ro<\/a>) pentru a evita aglomera\u021bia de la casele de bilete.<\/p>\n\n\n\n<p>Mai multe informa\u021bii se pot ob\u021bine pe e-mail, la adresa&nbsp;<a href=\"mailto:vizitare@muzeulcotroceni.ro\">vizitare@muzeulcotroceni.ro<\/a>,&nbsp;sau la numerele de telefon 021.317.31.07 \u0219i 0725.518.381.<\/p>\n","protected":false},"excerpt":{"rendered":"<p>\u00cen urma aprob\u0103rii Pre\u0219edintelui Rom\u00e2niei, Nicu\u0219or Dan, Administra\u021bia Preziden\u021bial\u0103 va organiza \u00een continuare evenimentul \u201ePor\u021bi Deschise la Palatul Cotroceni\u201d \u00eentr-un format permanent, valabil \u00eencep\u00e2nd cu data de 14 iunie 2025. \u00cen cadrul evenimentului, \u00een zilele de s\u00e2mb\u0103t\u0103 \u0219i duminic\u0103, \u00een intervalul 10:00\u201318:00 (ora 17:00 ultima intrare \u00een cadrul Complexului \u201ePalat Cotroceni\u201d) urm\u0103toarele zone din incinta&#8230;<\/p>\n","protected":false},"author":1,"featured_media":2471,"comment_status":"open","ping_status":"open","sticky":false,"template":"","format":"standard","meta":{"footnotes":""},"categories":[1],"tags":[],"class_list":["post-2470","post","type-post","status-publish","format-standard","has-post-thumbnail","hentry","category-uncategorized"],"yoast_head":"<!-- This site is optimized with the Yoast SEO plugin v27.4 - https:\/\/yoast.com\/product\/yoast-seo-wordpress\/ -->\n<title>Administra\u021bia Preziden\u021bial\u0103 anun\u021b\u0103 continuarea evenimentului \u201ePor\u021bi Deschise la Palatul Cotroceni\u201d \u0219i condi\u021biile de vizitare a Muzeului Na\u021bional Cotroceni, valabile \u00eencep\u00e2nd cu data de 14 iunie 2025 - e-Reporter.ro<\/title>\n<meta name=\"robots\" content=\"index, follow, max-snippet:-1, max-image-preview:large, max-video-preview:-1\" \/>\n<link rel=\"canonical\" href=\"https:\/\/e-reporter.ro\/index.php\/2025\/06\/15\/administratia-prezidentiala-anunta-continuarea-evenimentului-porti-deschise-la-palatul-cotroceni-si-conditiile-de-vizitare-a-muzeului-national-cotroceni-valabile-incepand-cu-data-de\/\" \/>\n<meta property=\"og:locale\" content=\"ro_RO\" \/>\n<meta property=\"og:type\" content=\"article\" \/>\n<meta property=\"og:title\" content=\"Administra\u021bia Preziden\u021bial\u0103 anun\u021b\u0103 continuarea evenimentului \u201ePor\u021bi Deschise la Palatul Cotroceni\u201d \u0219i condi\u021biile de vizitare a Muzeului Na\u021bional Cotroceni, valabile \u00eencep\u00e2nd cu data de 14 iunie 2025 - e-Reporter.ro\" \/>\n<meta property=\"og:description\" content=\"\u00cen urma aprob\u0103rii Pre\u0219edintelui Rom\u00e2niei, Nicu\u0219or Dan, Administra\u021bia Preziden\u021bial\u0103 va organiza \u00een continuare evenimentul \u201ePor\u021bi Deschise la Palatul Cotroceni\u201d \u00eentr-un format permanent, valabil \u00eencep\u00e2nd cu data de 14 iunie 2025. \u00cen cadrul evenimentului, \u00een zilele de s\u00e2mb\u0103t\u0103 \u0219i duminic\u0103, \u00een intervalul 10:00\u201318:00 (ora 17:00 ultima intrare \u00een cadrul Complexului \u201ePalat Cotroceni\u201d) urm\u0103toarele zone din incinta...\" \/>\n<meta property=\"og:url\" content=\"https:\/\/e-reporter.ro\/index.php\/2025\/06\/15\/administratia-prezidentiala-anunta-continuarea-evenimentului-porti-deschise-la-palatul-cotroceni-si-conditiile-de-vizitare-a-muzeului-national-cotroceni-valabile-incepand-cu-data-de\/\" \/>\n<meta property=\"og:site_name\" content=\"e-Reporter.ro\" \/>\n<meta property=\"article:published_time\" content=\"2025-06-15T04:32:11+00:00\" \/>\n<meta property=\"og:image\" content=\"https:\/\/e-reporter.ro\/wp-content\/uploads\/2025\/06\/mnc2.jpg\" \/>\n\t<meta property=\"og:image:width\" content=\"517\" \/>\n\t<meta property=\"og:image:height\" content=\"597\" \/>\n\t<meta property=\"og:image:type\" content=\"image\/jpeg\" \/>\n<meta name=\"author\" content=\"Gina C.\" \/>\n<meta name=\"twitter:card\" content=\"summary_large_image\" \/>\n<meta name=\"twitter:label1\" content=\"Scris de\" \/>\n\t<meta name=\"twitter:data1\" content=\"Gina C.\" \/>\n\t<meta name=\"twitter:label2\" content=\"Timp estimat pentru citire\" \/>\n\t<meta name=\"twitter:data2\" content=\"3 minute\" \/>\n<script type=\"application\/ld+json\" class=\"yoast-schema-graph\">{\"@context\":\"https:\\\/\\\/schema.org\",\"@graph\":[{\"@type\":\"Article\",\"@id\":\"https:\\\/\\\/e-reporter.ro\\\/index.php\\\/2025\\\/06\\\/15\\\/administratia-prezidentiala-anunta-continuarea-evenimentului-porti-deschise-la-palatul-cotroceni-si-conditiile-de-vizitare-a-muzeului-national-cotroceni-valabile-incepand-cu-data-de\\\/#article\",\"isPartOf\":{\"@id\":\"https:\\\/\\\/e-reporter.ro\\\/index.php\\\/2025\\\/06\\\/15\\\/administratia-prezidentiala-anunta-continuarea-evenimentului-porti-deschise-la-palatul-cotroceni-si-conditiile-de-vizitare-a-muzeului-national-cotroceni-valabile-incepand-cu-data-de\\\/\"},\"author\":{\"name\":\"Gina C.\",\"@id\":\"https:\\\/\\\/e-reporter.ro\\\/#\\\/schema\\\/person\\\/56e7a364fdb56415f6d940e1632f5f9a\"},\"headline\":\"Administra\u021bia Preziden\u021bial\u0103 anun\u021b\u0103 continuarea evenimentului \u201ePor\u021bi Deschise la Palatul Cotroceni\u201d \u0219i condi\u021biile de vizitare a Muzeului Na\u021bional Cotroceni, valabile \u00eencep\u00e2nd cu data de 14 iunie 2025\",\"datePublished\":\"2025-06-15T04:32:11+00:00\",\"mainEntityOfPage\":{\"@id\":\"https:\\\/\\\/e-reporter.ro\\\/index.php\\\/2025\\\/06\\\/15\\\/administratia-prezidentiala-anunta-continuarea-evenimentului-porti-deschise-la-palatul-cotroceni-si-conditiile-de-vizitare-a-muzeului-national-cotroceni-valabile-incepand-cu-data-de\\\/\"},\"wordCount\":563,\"commentCount\":0,\"image\":{\"@id\":\"https:\\\/\\\/e-reporter.ro\\\/index.php\\\/2025\\\/06\\\/15\\\/administratia-prezidentiala-anunta-continuarea-evenimentului-porti-deschise-la-palatul-cotroceni-si-conditiile-de-vizitare-a-muzeului-national-cotroceni-valabile-incepand-cu-data-de\\\/#primaryimage\"},\"thumbnailUrl\":\"https:\\\/\\\/e-reporter.ro\\\/wp-content\\\/uploads\\\/2025\\\/06\\\/mnc2.jpg\",\"articleSection\":[\"Uncategorized\"],\"inLanguage\":\"ro-RO\",\"potentialAction\":[{\"@type\":\"CommentAction\",\"name\":\"Comment\",\"target\":[\"https:\\\/\\\/e-reporter.ro\\\/index.php\\\/2025\\\/06\\\/15\\\/administratia-prezidentiala-anunta-continuarea-evenimentului-porti-deschise-la-palatul-cotroceni-si-conditiile-de-vizitare-a-muzeului-national-cotroceni-valabile-incepand-cu-data-de\\\/#respond\"]}]},{\"@type\":\"WebPage\",\"@id\":\"https:\\\/\\\/e-reporter.ro\\\/index.php\\\/2025\\\/06\\\/15\\\/administratia-prezidentiala-anunta-continuarea-evenimentului-porti-deschise-la-palatul-cotroceni-si-conditiile-de-vizitare-a-muzeului-national-cotroceni-valabile-incepand-cu-data-de\\\/\",\"url\":\"https:\\\/\\\/e-reporter.ro\\\/index.php\\\/2025\\\/06\\\/15\\\/administratia-prezidentiala-anunta-continuarea-evenimentului-porti-deschise-la-palatul-cotroceni-si-conditiile-de-vizitare-a-muzeului-national-cotroceni-valabile-incepand-cu-data-de\\\/\",\"name\":\"Administra\u021bia Preziden\u021bial\u0103 anun\u021b\u0103 continuarea evenimentului \u201ePor\u021bi Deschise la Palatul Cotroceni\u201d \u0219i condi\u021biile de vizitare a Muzeului Na\u021bional Cotroceni, valabile \u00eencep\u00e2nd cu data de 14 iunie 2025 - e-Reporter.ro\",\"isPartOf\":{\"@id\":\"https:\\\/\\\/e-reporter.ro\\\/#website\"},\"primaryImageOfPage\":{\"@id\":\"https:\\\/\\\/e-reporter.ro\\\/index.php\\\/2025\\\/06\\\/15\\\/administratia-prezidentiala-anunta-continuarea-evenimentului-porti-deschise-la-palatul-cotroceni-si-conditiile-de-vizitare-a-muzeului-national-cotroceni-valabile-incepand-cu-data-de\\\/#primaryimage\"},\"image\":{\"@id\":\"https:\\\/\\\/e-reporter.ro\\\/index.php\\\/2025\\\/06\\\/15\\\/administratia-prezidentiala-anunta-continuarea-evenimentului-porti-deschise-la-palatul-cotroceni-si-conditiile-de-vizitare-a-muzeului-national-cotroceni-valabile-incepand-cu-data-de\\\/#primaryimage\"},\"thumbnailUrl\":\"https:\\\/\\\/e-reporter.ro\\\/wp-content\\\/uploads\\\/2025\\\/06\\\/mnc2.jpg\",\"datePublished\":\"2025-06-15T04:32:11+00:00\",\"author\":{\"@id\":\"https:\\\/\\\/e-reporter.ro\\\/#\\\/schema\\\/person\\\/56e7a364fdb56415f6d940e1632f5f9a\"},\"breadcrumb\":{\"@id\":\"https:\\\/\\\/e-reporter.ro\\\/index.php\\\/2025\\\/06\\\/15\\\/administratia-prezidentiala-anunta-continuarea-evenimentului-porti-deschise-la-palatul-cotroceni-si-conditiile-de-vizitare-a-muzeului-national-cotroceni-valabile-incepand-cu-data-de\\\/#breadcrumb\"},\"inLanguage\":\"ro-RO\",\"potentialAction\":[{\"@type\":\"ReadAction\",\"target\":[\"https:\\\/\\\/e-reporter.ro\\\/index.php\\\/2025\\\/06\\\/15\\\/administratia-prezidentiala-anunta-continuarea-evenimentului-porti-deschise-la-palatul-cotroceni-si-conditiile-de-vizitare-a-muzeului-national-cotroceni-valabile-incepand-cu-data-de\\\/\"]}]},{\"@type\":\"ImageObject\",\"inLanguage\":\"ro-RO\",\"@id\":\"https:\\\/\\\/e-reporter.ro\\\/index.php\\\/2025\\\/06\\\/15\\\/administratia-prezidentiala-anunta-continuarea-evenimentului-porti-deschise-la-palatul-cotroceni-si-conditiile-de-vizitare-a-muzeului-national-cotroceni-valabile-incepand-cu-data-de\\\/#primaryimage\",\"url\":\"https:\\\/\\\/e-reporter.ro\\\/wp-content\\\/uploads\\\/2025\\\/06\\\/mnc2.jpg\",\"contentUrl\":\"https:\\\/\\\/e-reporter.ro\\\/wp-content\\\/uploads\\\/2025\\\/06\\\/mnc2.jpg\",\"width\":517,\"height\":597},{\"@type\":\"BreadcrumbList\",\"@id\":\"https:\\\/\\\/e-reporter.ro\\\/index.php\\\/2025\\\/06\\\/15\\\/administratia-prezidentiala-anunta-continuarea-evenimentului-porti-deschise-la-palatul-cotroceni-si-conditiile-de-vizitare-a-muzeului-national-cotroceni-valabile-incepand-cu-data-de\\\/#breadcrumb\",\"itemListElement\":[{\"@type\":\"ListItem\",\"position\":1,\"name\":\"Prima pagin\u0103\",\"item\":\"https:\\\/\\\/e-reporter.ro\\\/\"},{\"@type\":\"ListItem\",\"position\":2,\"name\":\"Administra\u021bia Preziden\u021bial\u0103 anun\u021b\u0103 continuarea evenimentului \u201ePor\u021bi Deschise la Palatul Cotroceni\u201d \u0219i condi\u021biile de vizitare a Muzeului Na\u021bional Cotroceni, valabile \u00eencep\u00e2nd cu data de 14 iunie 2025\"}]},{\"@type\":\"WebSite\",\"@id\":\"https:\\\/\\\/e-reporter.ro\\\/#website\",\"url\":\"https:\\\/\\\/e-reporter.ro\\\/\",\"name\":\"e-Reporter.ro\",\"description\":\"Un ziar ce nu poate fi cumparat!\",\"potentialAction\":[{\"@type\":\"SearchAction\",\"target\":{\"@type\":\"EntryPoint\",\"urlTemplate\":\"https:\\\/\\\/e-reporter.ro\\\/?s={search_term_string}\"},\"query-input\":{\"@type\":\"PropertyValueSpecification\",\"valueRequired\":true,\"valueName\":\"search_term_string\"}}],\"inLanguage\":\"ro-RO\"},{\"@type\":\"Person\",\"@id\":\"https:\\\/\\\/e-reporter.ro\\\/#\\\/schema\\\/person\\\/56e7a364fdb56415f6d940e1632f5f9a\",\"name\":\"Gina C.\",\"image\":{\"@type\":\"ImageObject\",\"inLanguage\":\"ro-RO\",\"@id\":\"https:\\\/\\\/secure.gravatar.com\\\/avatar\\\/2ae42d577154cfc7db575210a060e752bfe74ea9ff07ac02598309fb84ebd983?s=96&d=mm&r=g\",\"url\":\"https:\\\/\\\/secure.gravatar.com\\\/avatar\\\/2ae42d577154cfc7db575210a060e752bfe74ea9ff07ac02598309fb84ebd983?s=96&d=mm&r=g\",\"contentUrl\":\"https:\\\/\\\/secure.gravatar.com\\\/avatar\\\/2ae42d577154cfc7db575210a060e752bfe74ea9ff07ac02598309fb84ebd983?s=96&d=mm&r=g\",\"caption\":\"Gina C.\"},\"sameAs\":[\"http:\\\/\\\/e-reporter.ro\"],\"url\":\"https:\\\/\\\/e-reporter.ro\\\/index.php\\\/author\\\/hoesqcmghs\\\/\"}]}<\/script>\n<!-- \/ Yoast SEO plugin. -->","yoast_head_json":{"title":"Administra\u021bia Preziden\u021bial\u0103 anun\u021b\u0103 continuarea evenimentului \u201ePor\u021bi Deschise la Palatul Cotroceni\u201d \u0219i condi\u021biile de vizitare a Muzeului Na\u021bional Cotroceni, valabile \u00eencep\u00e2nd cu data de 14 iunie 2025 - e-Reporter.ro","robots":{"index":"index","follow":"follow","max-snippet":"max-snippet:-1","max-image-preview":"max-image-preview:large","max-video-preview":"max-video-preview:-1"},"canonical":"https:\/\/e-reporter.ro\/index.php\/2025\/06\/15\/administratia-prezidentiala-anunta-continuarea-evenimentului-porti-deschise-la-palatul-cotroceni-si-conditiile-de-vizitare-a-muzeului-national-cotroceni-valabile-incepand-cu-data-de\/","og_locale":"ro_RO","og_type":"article","og_title":"Administra\u021bia Preziden\u021bial\u0103 anun\u021b\u0103 continuarea evenimentului \u201ePor\u021bi Deschise la Palatul Cotroceni\u201d \u0219i condi\u021biile de vizitare a Muzeului Na\u021bional Cotroceni, valabile \u00eencep\u00e2nd cu data de 14 iunie 2025 - e-Reporter.ro","og_description":"\u00cen urma aprob\u0103rii Pre\u0219edintelui Rom\u00e2niei, Nicu\u0219or Dan, Administra\u021bia Preziden\u021bial\u0103 va organiza \u00een continuare evenimentul \u201ePor\u021bi Deschise la Palatul Cotroceni\u201d \u00eentr-un format permanent, valabil \u00eencep\u00e2nd cu data de 14 iunie 2025. \u00cen cadrul evenimentului, \u00een zilele de s\u00e2mb\u0103t\u0103 \u0219i duminic\u0103, \u00een intervalul 10:00\u201318:00 (ora 17:00 ultima intrare \u00een cadrul Complexului \u201ePalat Cotroceni\u201d) urm\u0103toarele zone din incinta...","og_url":"https:\/\/e-reporter.ro\/index.php\/2025\/06\/15\/administratia-prezidentiala-anunta-continuarea-evenimentului-porti-deschise-la-palatul-cotroceni-si-conditiile-de-vizitare-a-muzeului-national-cotroceni-valabile-incepand-cu-data-de\/","og_site_name":"e-Reporter.ro","article_published_time":"2025-06-15T04:32:11+00:00","og_image":[{"width":517,"height":597,"url":"https:\/\/e-reporter.ro\/wp-content\/uploads\/2025\/06\/mnc2.jpg","type":"image\/jpeg"}],"author":"Gina C.","twitter_card":"summary_large_image","twitter_misc":{"Scris de":"Gina C.","Timp estimat pentru citire":"3 minute"},"schema":{"@context":"https:\/\/schema.org","@graph":[{"@type":"Article","@id":"https:\/\/e-reporter.ro\/index.php\/2025\/06\/15\/administratia-prezidentiala-anunta-continuarea-evenimentului-porti-deschise-la-palatul-cotroceni-si-conditiile-de-vizitare-a-muzeului-national-cotroceni-valabile-incepand-cu-data-de\/#article","isPartOf":{"@id":"https:\/\/e-reporter.ro\/index.php\/2025\/06\/15\/administratia-prezidentiala-anunta-continuarea-evenimentului-porti-deschise-la-palatul-cotroceni-si-conditiile-de-vizitare-a-muzeului-national-cotroceni-valabile-incepand-cu-data-de\/"},"author":{"name":"Gina C.","@id":"https:\/\/e-reporter.ro\/#\/schema\/person\/56e7a364fdb56415f6d940e1632f5f9a"},"headline":"Administra\u021bia Preziden\u021bial\u0103 anun\u021b\u0103 continuarea evenimentului \u201ePor\u021bi Deschise la Palatul Cotroceni\u201d \u0219i condi\u021biile de vizitare a Muzeului Na\u021bional Cotroceni, valabile \u00eencep\u00e2nd cu data de 14 iunie 2025","datePublished":"2025-06-15T04:32:11+00:00","mainEntityOfPage":{"@id":"https:\/\/e-reporter.ro\/index.php\/2025\/06\/15\/administratia-prezidentiala-anunta-continuarea-evenimentului-porti-deschise-la-palatul-cotroceni-si-conditiile-de-vizitare-a-muzeului-national-cotroceni-valabile-incepand-cu-data-de\/"},"wordCount":563,"commentCount":0,"image":{"@id":"https:\/\/e-reporter.ro\/index.php\/2025\/06\/15\/administratia-prezidentiala-anunta-continuarea-evenimentului-porti-deschise-la-palatul-cotroceni-si-conditiile-de-vizitare-a-muzeului-national-cotroceni-valabile-incepand-cu-data-de\/#primaryimage"},"thumbnailUrl":"https:\/\/e-reporter.ro\/wp-content\/uploads\/2025\/06\/mnc2.jpg","articleSection":["Uncategorized"],"inLanguage":"ro-RO","potentialAction":[{"@type":"CommentAction","name":"Comment","target":["https:\/\/e-reporter.ro\/index.php\/2025\/06\/15\/administratia-prezidentiala-anunta-continuarea-evenimentului-porti-deschise-la-palatul-cotroceni-si-conditiile-de-vizitare-a-muzeului-national-cotroceni-valabile-incepand-cu-data-de\/#respond"]}]},{"@type":"WebPage","@id":"https:\/\/e-reporter.ro\/index.php\/2025\/06\/15\/administratia-prezidentiala-anunta-continuarea-evenimentului-porti-deschise-la-palatul-cotroceni-si-conditiile-de-vizitare-a-muzeului-national-cotroceni-valabile-incepand-cu-data-de\/","url":"https:\/\/e-reporter.ro\/index.php\/2025\/06\/15\/administratia-prezidentiala-anunta-continuarea-evenimentului-porti-deschise-la-palatul-cotroceni-si-conditiile-de-vizitare-a-muzeului-national-cotroceni-valabile-incepand-cu-data-de\/","name":"Administra\u021bia Preziden\u021bial\u0103 anun\u021b\u0103 continuarea evenimentului \u201ePor\u021bi Deschise la Palatul Cotroceni\u201d \u0219i condi\u021biile de vizitare a Muzeului Na\u021bional Cotroceni, valabile \u00eencep\u00e2nd cu data de 14 iunie 2025 - e-Reporter.ro","isPartOf":{"@id":"https:\/\/e-reporter.ro\/#website"},"primaryImageOfPage":{"@id":"https:\/\/e-reporter.ro\/index.php\/2025\/06\/15\/administratia-prezidentiala-anunta-continuarea-evenimentului-porti-deschise-la-palatul-cotroceni-si-conditiile-de-vizitare-a-muzeului-national-cotroceni-valabile-incepand-cu-data-de\/#primaryimage"},"image":{"@id":"https:\/\/e-reporter.ro\/index.php\/2025\/06\/15\/administratia-prezidentiala-anunta-continuarea-evenimentului-porti-deschise-la-palatul-cotroceni-si-conditiile-de-vizitare-a-muzeului-national-cotroceni-valabile-incepand-cu-data-de\/#primaryimage"},"thumbnailUrl":"https:\/\/e-reporter.ro\/wp-content\/uploads\/2025\/06\/mnc2.jpg","datePublished":"2025-06-15T04:32:11+00:00","author":{"@id":"https:\/\/e-reporter.ro\/#\/schema\/person\/56e7a364fdb56415f6d940e1632f5f9a"},"breadcrumb":{"@id":"https:\/\/e-reporter.ro\/index.php\/2025\/06\/15\/administratia-prezidentiala-anunta-continuarea-evenimentului-porti-deschise-la-palatul-cotroceni-si-conditiile-de-vizitare-a-muzeului-national-cotroceni-valabile-incepand-cu-data-de\/#breadcrumb"},"inLanguage":"ro-RO","potentialAction":[{"@type":"ReadAction","target":["https:\/\/e-reporter.ro\/index.php\/2025\/06\/15\/administratia-prezidentiala-anunta-continuarea-evenimentului-porti-deschise-la-palatul-cotroceni-si-conditiile-de-vizitare-a-muzeului-national-cotroceni-valabile-incepand-cu-data-de\/"]}]},{"@type":"ImageObject","inLanguage":"ro-RO","@id":"https:\/\/e-reporter.ro\/index.php\/2025\/06\/15\/administratia-prezidentiala-anunta-continuarea-evenimentului-porti-deschise-la-palatul-cotroceni-si-conditiile-de-vizitare-a-muzeului-national-cotroceni-valabile-incepand-cu-data-de\/#primaryimage","url":"https:\/\/e-reporter.ro\/wp-content\/uploads\/2025\/06\/mnc2.jpg","contentUrl":"https:\/\/e-reporter.ro\/wp-content\/uploads\/2025\/06\/mnc2.jpg","width":517,"height":597},{"@type":"BreadcrumbList","@id":"https:\/\/e-reporter.ro\/index.php\/2025\/06\/15\/administratia-prezidentiala-anunta-continuarea-evenimentului-porti-deschise-la-palatul-cotroceni-si-conditiile-de-vizitare-a-muzeului-national-cotroceni-valabile-incepand-cu-data-de\/#breadcrumb","itemListElement":[{"@type":"ListItem","position":1,"name":"Prima pagin\u0103","item":"https:\/\/e-reporter.ro\/"},{"@type":"ListItem","position":2,"name":"Administra\u021bia Preziden\u021bial\u0103 anun\u021b\u0103 continuarea evenimentului \u201ePor\u021bi Deschise la Palatul Cotroceni\u201d \u0219i condi\u021biile de vizitare a Muzeului Na\u021bional Cotroceni, valabile \u00eencep\u00e2nd cu data de 14 iunie 2025"}]},{"@type":"WebSite","@id":"https:\/\/e-reporter.ro\/#website","url":"https:\/\/e-reporter.ro\/","name":"e-Reporter.ro","description":"Un ziar ce nu poate fi cumparat!","potentialAction":[{"@type":"SearchAction","target":{"@type":"EntryPoint","urlTemplate":"https:\/\/e-reporter.ro\/?s={search_term_string}"},"query-input":{"@type":"PropertyValueSpecification","valueRequired":true,"valueName":"search_term_string"}}],"inLanguage":"ro-RO"},{"@type":"Person","@id":"https:\/\/e-reporter.ro\/#\/schema\/person\/56e7a364fdb56415f6d940e1632f5f9a","name":"Gina C.","image":{"@type":"ImageObject","inLanguage":"ro-RO","@id":"https:\/\/secure.gravatar.com\/avatar\/2ae42d577154cfc7db575210a060e752bfe74ea9ff07ac02598309fb84ebd983?s=96&d=mm&r=g","url":"https:\/\/secure.gravatar.com\/avatar\/2ae42d577154cfc7db575210a060e752bfe74ea9ff07ac02598309fb84ebd983?s=96&d=mm&r=g","contentUrl":"https:\/\/secure.gravatar.com\/avatar\/2ae42d577154cfc7db575210a060e752bfe74ea9ff07ac02598309fb84ebd983?s=96&d=mm&r=g","caption":"Gina C."},"sameAs":["http:\/\/e-reporter.ro"],"url":"https:\/\/e-reporter.ro\/index.php\/author\/hoesqcmghs\/"}]}},"_links":{"self":[{"href":"https:\/\/e-reporter.ro\/index.php\/wp-json\/wp\/v2\/posts\/2470","targetHints":{"allow":["GET"]}}],"collection":[{"href":"https:\/\/e-reporter.ro\/index.php\/wp-json\/wp\/v2\/posts"}],"about":[{"href":"https:\/\/e-reporter.ro\/index.php\/wp-json\/wp\/v2\/types\/post"}],"author":[{"embeddable":true,"href":"https:\/\/e-reporter.ro\/index.php\/wp-json\/wp\/v2\/users\/1"}],"replies":[{"embeddable":true,"href":"https:\/\/e-reporter.ro\/index.php\/wp-json\/wp\/v2\/comments?post=2470"}],"version-history":[{"count":1,"href":"https:\/\/e-reporter.ro\/index.php\/wp-json\/wp\/v2\/posts\/2470\/revisions"}],"predecessor-version":[{"id":2472,"href":"https:\/\/e-reporter.ro\/index.php\/wp-json\/wp\/v2\/posts\/2470\/revisions\/2472"}],"wp:featuredmedia":[{"embeddable":true,"href":"https:\/\/e-reporter.ro\/index.php\/wp-json\/wp\/v2\/media\/2471"}],"wp:attachment":[{"href":"https:\/\/e-reporter.ro\/index.php\/wp-json\/wp\/v2\/media?parent=2470"}],"wp:term":[{"taxonomy":"category","embeddable":true,"href":"https:\/\/e-reporter.ro\/index.php\/wp-json\/wp\/v2\/categories?post=2470"},{"taxonomy":"post_tag","embeddable":true,"href":"https:\/\/e-reporter.ro\/index.php\/wp-json\/wp\/v2\/tags?post=2470"}],"curies":[{"name":"wp","href":"https:\/\/api.w.org\/{rel}","templated":true}]}}