{"id":2462,"date":"2025-06-03T05:04:24","date_gmt":"2025-06-03T03:04:24","guid":{"rendered":"https:\/\/e-reporter.ro\/?p=2462"},"modified":"2025-06-03T05:04:24","modified_gmt":"2025-06-03T03:04:24","slug":"programul-estival-de-transport-2025-trenurile-soarelui","status":"publish","type":"post","link":"https:\/\/e-reporter.ro\/index.php\/2025\/06\/03\/programul-estival-de-transport-2025-trenurile-soarelui\/","title":{"rendered":"Programul estival de transport 2025 \u2013 \u201eTrenurile Soarelui\u201d"},"content":{"rendered":"\n<figure class=\"wp-block-image size-medium\"><img fetchpriority=\"high\" decoding=\"async\" width=\"300\" height=\"200\" src=\"https:\/\/e-reporter.ro\/wp-content\/uploads\/2025\/06\/82232376_538757883515839_1566847083678269440_n-300x200.jpg\" alt=\"\" class=\"wp-image-2463\" srcset=\"https:\/\/e-reporter.ro\/wp-content\/uploads\/2025\/06\/82232376_538757883515839_1566847083678269440_n-300x200.jpg 300w, https:\/\/e-reporter.ro\/wp-content\/uploads\/2025\/06\/82232376_538757883515839_1566847083678269440_n-1024x683.jpg 1024w, https:\/\/e-reporter.ro\/wp-content\/uploads\/2025\/06\/82232376_538757883515839_1566847083678269440_n-768x512.jpg 768w, https:\/\/e-reporter.ro\/wp-content\/uploads\/2025\/06\/82232376_538757883515839_1566847083678269440_n-1536x1024.jpg 1536w, https:\/\/e-reporter.ro\/wp-content\/uploads\/2025\/06\/82232376_538757883515839_1566847083678269440_n.jpg 2048w\" sizes=\"(max-width: 300px) 100vw, 300px\" \/><\/figure>\n\n\n\n<p><strong>CFR C\u0103l\u0103tori informeaz\u0103 c\u0103 la data de 13\/14 iunie 2025 lanseaz\u0103 programul estival de transport \u201eTrenurile Soarelui\u201d, ce se va desf\u0103\u0219ura p\u00e2n\u0103 la data de 6\/7 septembrie 2025. Turi\u0219tii vor avea la dispozi\u021bie 54 de trenuri directe (32 suplimentare \u0219i restul din programul obi\u0219nuit) ce vor asigura zilnic leg\u0103turi directe din principalele ora\u0219e din \u021bar\u0103 cu sta\u0163iunile de la Marea Neagr\u0103.<\/strong><\/p>\n\n\n\n<p><strong><em>Trenuri&nbsp;<\/em><\/strong><\/p>\n\n\n\n<p>Regiunile \u0163\u0103rii vor fi conectate timp de trei luni cu destina\u0163iile de vacan\u0163\u0103 cele mai c\u0103utate de pe litoralul rom\u00e2nesc, CFR C\u0103l\u0103tori oferind tuturor posibilitatea de a c\u0103l\u0103tori cu cele&nbsp;<strong>32 de trenuri suplimentare directe<\/strong>&nbsp;<strong>(16 dus \/16 \u00eentors)&nbsp;<\/strong>dinspre Oradea, Arad, Deva, Craiova, Timi\u0219oara Nord, Re\u0219i\u021ba Nord, Satu Mare, Baia Mare, Cluj Napoca, T\u00e2rgu Mure\u0219, Bra\u0219ov, Suceava, Ia\u0219i, Gala\u021bi, Bucure\u0219ti Nord.<\/p>\n\n\n\n<p>De asemenea, c\u0103l\u0103torii au la dispozi\u021bie \u0219i o serie de leg\u0103turi din capital\u0103, pe fondul existen\u021bei mersului de tren caden\u021bat (la 1-2 ore) pe ruta Bucure\u0219ti Nord \u2013 Constan\u021ba \u0219i retur. Durata c\u0103l\u0103toriei pe aceast\u0103 rut\u0103 este redus\u0103, \u00een medie de 2 ore \u0219i 30 de minute cu trenurile InterRegio \u0219i de 2 ore \u0219i 7 minute cu trenurile InterCity.<\/p>\n\n\n\n<p>Primele trenuri care vor ajunge \u00een diminea\u021ba zilei de 14 iunie 2025 cu turi\u0219ti pe litoral sunt garniturile dinspre zona Moldovei, dar \u0219i&nbsp;<em>tradi\u021bionalul tren destinat tinerilor<\/em>&nbsp;care va circula zilnic pe ruta Sibiu \u2013 R\u00e2mnicu V\u00e2lcea \u2013 Pite\u015fti \u2013 Bucure\u0219ti Nord \u2013 Constan\u021ba &amp; sta\u021biuni \u2013 &nbsp;Mangalia \u015fi retur.&nbsp;<em>Trenul Tineretului<\/em>&nbsp;-IR 1912 va pleca din Sibiu la ora 18:38, va circula pe parcursul nop\u021bii cu tranzit prin Bucure\u0219ti Nord (plecare ora 03:15) \u0219i va ajunge la Constan\u021ba la ora 06:11 \/ Mangalia la ora 07:59.<\/p>\n\n\n\n<p><strong><em>Condi\u021bii de c\u0103l\u0103torie<\/em><\/strong><\/p>\n\n\n\n<p>\u00cen perioada estival\u0103, parcul activ de material rulant al CFR C\u0103l\u0103tori va fi concentrat pe programul estival de transport \u201eTrenurile Soarelui\u201d, f\u0103r\u0103 a se neglija asigurarea deplas\u0103rilor c\u0103tre celelalte zone de interes de pe teritoriul \u021b\u0103rii, pun\u00e2nd la dispozi\u021bia publicului c\u0103l\u0103tor capacitatea maxim\u0103 de transport, tehnic disponibil\u0103.<\/p>\n\n\n\n<p>Traficul de pasageri va fi monitorizat atent \u0219i \u00een func\u021bie de evolu\u021bia \u0219i dinamica cererii de transport, compania va ac\u021biona \u00een consecin\u021b\u0103, \u00een limita parcului de material rulant tehnic disponibil. Pentru o c\u0103l\u0103torie f\u0103r\u0103 griji, este important ca pasagerii s\u0103 achizi\u021bioneze din timp biletele \u0219i s\u0103 opteze nu doar pentru trenurile de la orele de v\u00e2rf, ci \u0219i pentru celelalte trenuri \u00eenscrise \u00een programul de circula\u021bie.<\/p>\n\n\n\n<p>Trenurile InterRegio estivale au \u00een compunere vagoane clas\u0103 climatizate, dotate cu prize electrice pentru \u00eenc\u0103rcarea bateriei laptop-ului sau a telefonului mobil, toalete ecologice, u\u0219i de acces \u0219i intermediare semiautomate, iar \u00een garniturile de lung parcurs se afl\u0103 \u0219i vagoane cu locuri pentru dormit.<\/p>\n\n\n\n<p>Men\u021bion\u0103m c\u0103&nbsp;<strong>materialul rulant modernizat<\/strong>&nbsp;de c\u0103tre CFR C\u0103l\u0103tori la industria de profil rom\u00e2neasc\u0103 prin programul de investi\u021bii&nbsp;<strong>cu fonduri PNRR<\/strong>, precum \u0219i&nbsp;<strong>singura ram\u0103 electric\u0103 Alstom Coradia Stream<\/strong>&nbsp;pe care CFR C\u0103l\u0103tori o are \u00een exploatare prin punerea la dispozi\u021bie de c\u0103tre ARF \u00een cadrul Contractului de Servicii Publice, vor deservi litoralul \u00een acest sezon estival. Ambele tipuri de material rulant r\u0103spund unor cerin\u021be ridicate de confort, ceea ce vor face mai pl\u0103cut\u0103 experien\u021ba de c\u0103l\u0103torie spre\/dinspre litoral.<\/p>\n\n\n\n<p>Vagoanele \u0219i locomotivele modernizate din fonduri PNRR se vor reg\u0103si \u00een compunerea trenurilor InterCity pe ruta Bra\u0219ov \u2013 Bucure\u0219ti Nord \u2013 Constan\u021ba precum \u0219i \u00een compunerea altor trenuri, \u00een timp ce noua ram\u0103 electric\u0103 Alstom Coradia Strem este utilizat\u0103 spre\/dinspre litoral \u00eencep\u00e2nd cu data de 1 iunie 2025, prin operarea zilnic\u0103 a unui num\u0103r de patru trenuri InterRegio, pe ruta Bucure\u0219ti Nord \u2013 Constan\u021ba.<\/p>\n\n\n\n<p><em>&nbsp;<\/em><strong><em>Tarife<\/em><\/strong><\/p>\n\n\n\n<p>Pre\u021bul pentru o c\u0103l\u0103torie cu loc rezervat Bucure\u0219ti \u2013 Constan\u021ba, f\u0103r\u0103 reduceri, la casa a II-a, este 43,50 lei la tren Regio, 82,50 lei la tren IR \u0219i 94,00 lei la tren IC. La cump\u0103rarea cu anticipa\u021bie a legitima\u021biilor de c\u0103l\u0103torie pasagerii se pot bucura de reduceri de p\u00e2n\u0103 la 10% din tariful de transport. Astfel un bilet cump\u0103rat \u00een avans cu cel pu\u021bin 11 zile, pe ruta Bucure\u0219ti \u2013 Constan\u021ba la clasa a II-a, este 39,55 lei la tren R, 74,85 lei la tren IR \u0219i 85,20 la tren IC. Dac\u0103 se opteaz\u0103 pentru oferta dus-\u00eentors prin care se acord\u0103 o reducere de 10% din tariful de transport, un bilet la vagon clasa a II-a, pe ruta mai sus men\u021bionat\u0103, cost\u0103 79,10 lei la tren R, 149,70 lei la tren IR \u0219i 170,40 la tren IC.<\/p>\n\n\n\n<p>De asemenea, CFR C\u0103l\u0103tori acord\u0103 reducerile la transport prev\u0103zute de actele normative \u00een vigoare pentru diverse categorii de persoane (elevi, pensionari, etc.). Pentru detalii accesa\u021bi&nbsp;<a href=\"http:\/\/www.cfrcalatori.ro\/\">www.cfrcalatori.ro<\/a>, sec\u021biunea&nbsp;<em>Trafic intern\/ Oferte \u0219i Facilit\u0103\u021bi.<\/em><\/p>\n\n\n\n<p><strong><em>Modalit\u0103\u021bi de cump\u0103rare<\/em><\/strong><strong><em>&nbsp;bilete<\/em><\/strong><\/p>\n\n\n\n<p>Legitima\u021biile de c\u0103l\u0103torie \u00een trafic intern pot fi achizi\u0163ionate&nbsp;<strong>cu anticipa\u021bie&nbsp;<\/strong>de p\u00e2n\u0103 la 30 de zile inclusiv, utiliz\u00e2nd urm\u0103toarele canale de v\u00e2nzare:<\/p>\n\n\n\n<ul class=\"wp-block-list\">\n<li><a href=\"https:\/\/bilete.cfrcalatori.ro\/ro-RO\/Itineraries\">online<\/a>,\u00a0direct de pe\u00a0<a href=\"http:\/\/www.cfrcalatori.ro\/\">www.cfrcalatori.ro<\/a><\/li>\n\n\n\n<li>din aplica\u021bia mobil\u0103 \u2013 \u201eCFR C\u0103l\u0103tori bilete online\u201d (disponibil\u0103 \u00een Google Play, App Store \u0219i Huawei AppGallery)<\/li>\n\n\n\n<li>de la automatele de v\u00e2nzare bilete din\u00a0<a href=\"https:\/\/www.cfrcalatori.ro\/cum-sa-cumperi-bilet\/\">sta\u021bii<\/a>\u00a0\u2013\u00a0<a href=\"https:\/\/www.cfrcalatori.ro\/cum-sa-cumperi-bilet\/\">https:\/\/www.cfrcalatori.ro\/cum-sa-cumperi-bilet\/<\/a><\/li>\n\n\n\n<li>direct de la casele de bilete din sta\u021bii \u0219i agen\u021bii de voiaj CFR C\u0103l\u0103tori<\/li>\n<\/ul>\n\n\n\n<p><strong><em>Accesul<\/em><\/strong><em>&nbsp;<strong>\u00een sta\u021biile de pe litoral pentru persoanele cu mobilitate redus\u0103<\/strong><\/em><\/p>\n\n\n\n<p>Ca urmare a lucr\u0103rilor de modernizare\/reabilitare a unor sta\u021bii de cale ferat\u0103 aflate pe sec\u021bia Bucure\u0219ti-Constan\u021ba, respectiv Constan\u021ba-Mangalia derulate de c\u0103tre managerul infrastructurii feroviare \u2013 CNCF \u201eCFR\u201d&nbsp;SA, lucr\u0103ri ce prev\u0103d inclusiv realizarea de facilit\u0103\u021bi de acces pentru persoanele cu mobilitate redus\u0103, preciz\u0103m c\u0103&nbsp;<strong>accesul persoanelor cu mobilitate redus\u0103<\/strong>&nbsp;spre\/dinspre peroane \u0219i \u00een incinta sta\u021biilor \u00een vederea debarc\u0103rii\/\u00eembarc\u0103rii,&nbsp;<strong>va fi posibil \u00een perioada sezonului estival numai \u00een sta\u021biile Constan\u021ba \u0219i Mangalia.<\/strong><\/p>\n\n\n\n<p>Astfel,&nbsp;<strong>serviciul gratuit de asisten\u021b\u0103 a persoanelor cu mobilitate redus\u0103 la peroane \u00een vederea debarc\u0103rii\/\u00eembarc\u0103rii \u00een bune condi\u021bii poate fi efectuat de CFR C\u0103l\u0103tori, la cerere, doar \u00een sta\u021biile Constan\u021ba \u0219i Mangalia.<\/strong>&nbsp;Detalii despre accesarea acestui serviciu g\u0103si\u021bi pe&nbsp;<a href=\"http:\/\/www.cfrcalatori.ro\/\">www.cfrcalatori.ro<\/a>, la sec\u021biunea&nbsp;<a href=\"https:\/\/www.cfrcalatori.ro\/asistenta-persoane-cu-dizabilitati\/\">Asisten\u021b\u0103 PMR<\/a>.<\/p>\n\n\n\n<p><strong><em>Recomand\u0103ri<\/em><\/strong><\/p>\n\n\n\n<p>Pentru a avea o predictibilitate a cererii de transport \u0219i pentru a ne putea adapta c\u00e2t mai bine capacitatea de transport la num\u0103rul de locuri solicitat, CFR C\u0103l\u0103tori recomand\u0103 pasagerilor&nbsp;<strong>cump\u0103rarea cu<\/strong>&nbsp;<strong>anticipa\u021bie<\/strong>&nbsp;a legitima\u0163iilor de c\u0103l\u0103torie.<\/p>\n\n\n\n<p><strong>\u00cenainte de urcarea \u00een tren<\/strong>, recomand\u0103m tuturor c\u0103l\u0103torilor s\u0103 se asigure c\u0103 au legitima\u021bie de c\u0103l\u0103torie \u0219i dup\u0103 caz, documentele aferente pentru transport, pentru evitarea tax\u0103rii suplimentare \u00een tren \u0219i\/sau suportarea costurilor amenzii conform reglement\u0103rilor \u00een vigoare.<\/p>\n\n\n\n<p>Pentru informa\u021bii despre circula\u021bia trenurilor (ziua, or\u0103, tarif) pe ruta dorit\u0103 recomand\u0103m accesarea modulului \u201eMers tren trafic intern\u201d de pe&nbsp;<a href=\"http:\/\/www.cfrcalatori.ro\/\">www.cfrcalatori.ro<\/a>&nbsp;&nbsp;unde se completeaz\u0103 sta\u021bia de plecare\/sosire, se alege data de c\u0103l\u0103torie, se acceseaz\u0103 butonul \u2018caut\u0103\u2019 \u0219i se genereaz\u0103 o pagin\u0103 cu toate trenurile care circul\u0103 \u00een ziua respectiv\u0103 pe ruta aleas\u0103.<\/p>\n\n\n\n<p>De asemenea, informa\u021bii despre circula\u021bia trenurilor sunt disponibile:<\/p>\n\n\n\n<ul class=\"wp-block-list\">\n<li>la telefon 0219521 \u2013 INFO CFR (trafic intern).<\/li>\n\n\n\n<li>la numerele de telefon din sta\u021biile CFR ce sunt publicate pe\u00a0<a href=\"http:\/\/www.cfrcalatori.ro\/\">cfrcalatori.ro<\/a>\u00a0la sec\u021biunea INFORMA\u021aII TELEFONICE \u2013\u00a0<a href=\"https:\/\/www.cfrcalatori.ro\/informatii-telefonice\/\">https:\/\/www.cfrcalatori.ro\/informatii-telefonice\/<\/a><\/li>\n\n\n\n<li>\u00een aplica\u021bia TRENUL MEU (<a href=\"https:\/\/bilete.cfrcalatori.ro\/ro-RO\/Itineraries\">https:\/\/bilete.cfrcalatori.ro\/ro-RO\/Itineraries<\/a>), se introduce num\u0103rul exact al trenului \u00een c\u0103su\u0163a indicat\u0103 \u015fi click pe Informa\u021bii tren. Se ob\u021bin informa\u0163ii \u00een timp real despre opriri, \u00eent\u00e2rzieri, minutele de sta\u0163ionare \u00een urm\u0103toarea gar\u0103 \u015fi timpul estimat de sosire.<\/li>\n\n\n\n<li>pe site-ul companiei\u00a0<a href=\"http:\/\/www.cfr.ro\/\">cfr.ro<\/a>\u00a0sunt func\u021bionale \u0219i actualizate permanent camerele web din g\u0103rile Bucure\u0219ti Nord, Aeroport Henri Coand\u0103, Timi\u0219oara, Craiova, Bra\u0219ov, Ia\u0219i, Cluj Napoca \u0219i Constan\u021ba care indic\u0103 ora de sosire\/de plecare a trenurilor.<\/li>\n\n\n\n<li>la personalul nostru din sta\u0163ii.<\/li>\n<\/ul>\n","protected":false},"excerpt":{"rendered":"<p>CFR C\u0103l\u0103tori informeaz\u0103 c\u0103 la data de 13\/14 iunie 2025 lanseaz\u0103 programul estival de transport \u201eTrenurile Soarelui\u201d, ce se va desf\u0103\u0219ura p\u00e2n\u0103 la data de 6\/7 septembrie 2025. Turi\u0219tii vor avea la dispozi\u021bie 54 de trenuri directe (32 suplimentare \u0219i restul din programul obi\u0219nuit) ce vor asigura zilnic leg\u0103turi directe din principalele ora\u0219e din \u021bar\u0103&#8230;<\/p>\n","protected":false},"author":1,"featured_media":2463,"comment_status":"open","ping_status":"open","sticky":false,"template":"","format":"standard","meta":{"footnotes":""},"categories":[18,27],"tags":[341,337,334,312,339,338,336,340,335],"class_list":["post-2462","post","type-post","status-publish","format-standard","has-post-thumbnail","hentry","category-actualitate","category-news","tag-appgallery","tag-bucuresti-nord","tag-cfr-calatori","tag-constanta-2","tag-intercity","tag-interregio","tag-marea-neagra","tag-tarife","tag-trenurile-soarelui"],"yoast_head":"<!-- This site is optimized with the Yoast SEO plugin v27.4 - https:\/\/yoast.com\/product\/yoast-seo-wordpress\/ -->\n<title>Programul estival de transport 2025 \u2013 \u201eTrenurile Soarelui\u201d - e-Reporter.ro<\/title>\n<meta name=\"robots\" content=\"index, follow, max-snippet:-1, max-image-preview:large, max-video-preview:-1\" \/>\n<link rel=\"canonical\" href=\"https:\/\/e-reporter.ro\/index.php\/2025\/06\/03\/programul-estival-de-transport-2025-trenurile-soarelui\/\" \/>\n<meta property=\"og:locale\" content=\"ro_RO\" \/>\n<meta property=\"og:type\" content=\"article\" \/>\n<meta property=\"og:title\" content=\"Programul estival de transport 2025 \u2013 \u201eTrenurile Soarelui\u201d - e-Reporter.ro\" \/>\n<meta property=\"og:description\" content=\"CFR C\u0103l\u0103tori informeaz\u0103 c\u0103 la data de 13\/14 iunie 2025 lanseaz\u0103 programul estival de transport \u201eTrenurile Soarelui\u201d, ce se va desf\u0103\u0219ura p\u00e2n\u0103 la data de 6\/7 septembrie 2025. Turi\u0219tii vor avea la dispozi\u021bie 54 de trenuri directe (32 suplimentare \u0219i restul din programul obi\u0219nuit) ce vor asigura zilnic leg\u0103turi directe din principalele ora\u0219e din \u021bar\u0103...\" \/>\n<meta property=\"og:url\" content=\"https:\/\/e-reporter.ro\/index.php\/2025\/06\/03\/programul-estival-de-transport-2025-trenurile-soarelui\/\" \/>\n<meta property=\"og:site_name\" content=\"e-Reporter.ro\" \/>\n<meta property=\"article:published_time\" content=\"2025-06-03T03:04:24+00:00\" \/>\n<meta property=\"og:image\" content=\"https:\/\/e-reporter.ro\/wp-content\/uploads\/2025\/06\/82232376_538757883515839_1566847083678269440_n.jpg\" \/>\n\t<meta property=\"og:image:width\" content=\"2048\" \/>\n\t<meta property=\"og:image:height\" content=\"1365\" \/>\n\t<meta property=\"og:image:type\" content=\"image\/jpeg\" \/>\n<meta name=\"author\" content=\"Gina C.\" \/>\n<meta name=\"twitter:card\" content=\"summary_large_image\" \/>\n<meta name=\"twitter:label1\" content=\"Scris de\" \/>\n\t<meta name=\"twitter:data1\" content=\"Gina C.\" \/>\n\t<meta name=\"twitter:label2\" content=\"Timp estimat pentru citire\" \/>\n\t<meta name=\"twitter:data2\" content=\"7 minute\" \/>\n<script type=\"application\/ld+json\" class=\"yoast-schema-graph\">{\"@context\":\"https:\\\/\\\/schema.org\",\"@graph\":[{\"@type\":\"Article\",\"@id\":\"https:\\\/\\\/e-reporter.ro\\\/index.php\\\/2025\\\/06\\\/03\\\/programul-estival-de-transport-2025-trenurile-soarelui\\\/#article\",\"isPartOf\":{\"@id\":\"https:\\\/\\\/e-reporter.ro\\\/index.php\\\/2025\\\/06\\\/03\\\/programul-estival-de-transport-2025-trenurile-soarelui\\\/\"},\"author\":{\"name\":\"Gina C.\",\"@id\":\"https:\\\/\\\/e-reporter.ro\\\/#\\\/schema\\\/person\\\/56e7a364fdb56415f6d940e1632f5f9a\"},\"headline\":\"Programul estival de transport 2025 \u2013 \u201eTrenurile Soarelui\u201d\",\"datePublished\":\"2025-06-03T03:04:24+00:00\",\"mainEntityOfPage\":{\"@id\":\"https:\\\/\\\/e-reporter.ro\\\/index.php\\\/2025\\\/06\\\/03\\\/programul-estival-de-transport-2025-trenurile-soarelui\\\/\"},\"wordCount\":1414,\"commentCount\":0,\"image\":{\"@id\":\"https:\\\/\\\/e-reporter.ro\\\/index.php\\\/2025\\\/06\\\/03\\\/programul-estival-de-transport-2025-trenurile-soarelui\\\/#primaryimage\"},\"thumbnailUrl\":\"https:\\\/\\\/e-reporter.ro\\\/wp-content\\\/uploads\\\/2025\\\/06\\\/82232376_538757883515839_1566847083678269440_n.jpg\",\"keywords\":[\"AppGallery\",\"Bucure\u0219ti Nord\",\"CFR C\u0103l\u0103tori\",\"Constan\u021ba\",\"InterCity\",\"InterRegio\",\"Marea Neagr\u0103\",\"Tarife\",\"Trenurile Soarelui\"],\"articleSection\":[\"Actualitate\",\"News\"],\"inLanguage\":\"ro-RO\",\"potentialAction\":[{\"@type\":\"CommentAction\",\"name\":\"Comment\",\"target\":[\"https:\\\/\\\/e-reporter.ro\\\/index.php\\\/2025\\\/06\\\/03\\\/programul-estival-de-transport-2025-trenurile-soarelui\\\/#respond\"]}]},{\"@type\":\"WebPage\",\"@id\":\"https:\\\/\\\/e-reporter.ro\\\/index.php\\\/2025\\\/06\\\/03\\\/programul-estival-de-transport-2025-trenurile-soarelui\\\/\",\"url\":\"https:\\\/\\\/e-reporter.ro\\\/index.php\\\/2025\\\/06\\\/03\\\/programul-estival-de-transport-2025-trenurile-soarelui\\\/\",\"name\":\"Programul estival de transport 2025 \u2013 \u201eTrenurile Soarelui\u201d - e-Reporter.ro\",\"isPartOf\":{\"@id\":\"https:\\\/\\\/e-reporter.ro\\\/#website\"},\"primaryImageOfPage\":{\"@id\":\"https:\\\/\\\/e-reporter.ro\\\/index.php\\\/2025\\\/06\\\/03\\\/programul-estival-de-transport-2025-trenurile-soarelui\\\/#primaryimage\"},\"image\":{\"@id\":\"https:\\\/\\\/e-reporter.ro\\\/index.php\\\/2025\\\/06\\\/03\\\/programul-estival-de-transport-2025-trenurile-soarelui\\\/#primaryimage\"},\"thumbnailUrl\":\"https:\\\/\\\/e-reporter.ro\\\/wp-content\\\/uploads\\\/2025\\\/06\\\/82232376_538757883515839_1566847083678269440_n.jpg\",\"datePublished\":\"2025-06-03T03:04:24+00:00\",\"author\":{\"@id\":\"https:\\\/\\\/e-reporter.ro\\\/#\\\/schema\\\/person\\\/56e7a364fdb56415f6d940e1632f5f9a\"},\"breadcrumb\":{\"@id\":\"https:\\\/\\\/e-reporter.ro\\\/index.php\\\/2025\\\/06\\\/03\\\/programul-estival-de-transport-2025-trenurile-soarelui\\\/#breadcrumb\"},\"inLanguage\":\"ro-RO\",\"potentialAction\":[{\"@type\":\"ReadAction\",\"target\":[\"https:\\\/\\\/e-reporter.ro\\\/index.php\\\/2025\\\/06\\\/03\\\/programul-estival-de-transport-2025-trenurile-soarelui\\\/\"]}]},{\"@type\":\"ImageObject\",\"inLanguage\":\"ro-RO\",\"@id\":\"https:\\\/\\\/e-reporter.ro\\\/index.php\\\/2025\\\/06\\\/03\\\/programul-estival-de-transport-2025-trenurile-soarelui\\\/#primaryimage\",\"url\":\"https:\\\/\\\/e-reporter.ro\\\/wp-content\\\/uploads\\\/2025\\\/06\\\/82232376_538757883515839_1566847083678269440_n.jpg\",\"contentUrl\":\"https:\\\/\\\/e-reporter.ro\\\/wp-content\\\/uploads\\\/2025\\\/06\\\/82232376_538757883515839_1566847083678269440_n.jpg\",\"width\":2048,\"height\":1365},{\"@type\":\"BreadcrumbList\",\"@id\":\"https:\\\/\\\/e-reporter.ro\\\/index.php\\\/2025\\\/06\\\/03\\\/programul-estival-de-transport-2025-trenurile-soarelui\\\/#breadcrumb\",\"itemListElement\":[{\"@type\":\"ListItem\",\"position\":1,\"name\":\"Prima pagin\u0103\",\"item\":\"https:\\\/\\\/e-reporter.ro\\\/\"},{\"@type\":\"ListItem\",\"position\":2,\"name\":\"Programul estival de transport 2025 \u2013 \u201eTrenurile Soarelui\u201d\"}]},{\"@type\":\"WebSite\",\"@id\":\"https:\\\/\\\/e-reporter.ro\\\/#website\",\"url\":\"https:\\\/\\\/e-reporter.ro\\\/\",\"name\":\"e-Reporter.ro\",\"description\":\"Un ziar ce nu poate fi cumparat!\",\"potentialAction\":[{\"@type\":\"SearchAction\",\"target\":{\"@type\":\"EntryPoint\",\"urlTemplate\":\"https:\\\/\\\/e-reporter.ro\\\/?s={search_term_string}\"},\"query-input\":{\"@type\":\"PropertyValueSpecification\",\"valueRequired\":true,\"valueName\":\"search_term_string\"}}],\"inLanguage\":\"ro-RO\"},{\"@type\":\"Person\",\"@id\":\"https:\\\/\\\/e-reporter.ro\\\/#\\\/schema\\\/person\\\/56e7a364fdb56415f6d940e1632f5f9a\",\"name\":\"Gina C.\",\"image\":{\"@type\":\"ImageObject\",\"inLanguage\":\"ro-RO\",\"@id\":\"https:\\\/\\\/secure.gravatar.com\\\/avatar\\\/2ae42d577154cfc7db575210a060e752bfe74ea9ff07ac02598309fb84ebd983?s=96&d=mm&r=g\",\"url\":\"https:\\\/\\\/secure.gravatar.com\\\/avatar\\\/2ae42d577154cfc7db575210a060e752bfe74ea9ff07ac02598309fb84ebd983?s=96&d=mm&r=g\",\"contentUrl\":\"https:\\\/\\\/secure.gravatar.com\\\/avatar\\\/2ae42d577154cfc7db575210a060e752bfe74ea9ff07ac02598309fb84ebd983?s=96&d=mm&r=g\",\"caption\":\"Gina C.\"},\"sameAs\":[\"http:\\\/\\\/e-reporter.ro\"],\"url\":\"https:\\\/\\\/e-reporter.ro\\\/index.php\\\/author\\\/hoesqcmghs\\\/\"}]}<\/script>\n<!-- \/ Yoast SEO plugin. -->","yoast_head_json":{"title":"Programul estival de transport 2025 \u2013 \u201eTrenurile Soarelui\u201d - e-Reporter.ro","robots":{"index":"index","follow":"follow","max-snippet":"max-snippet:-1","max-image-preview":"max-image-preview:large","max-video-preview":"max-video-preview:-1"},"canonical":"https:\/\/e-reporter.ro\/index.php\/2025\/06\/03\/programul-estival-de-transport-2025-trenurile-soarelui\/","og_locale":"ro_RO","og_type":"article","og_title":"Programul estival de transport 2025 \u2013 \u201eTrenurile Soarelui\u201d - e-Reporter.ro","og_description":"CFR C\u0103l\u0103tori informeaz\u0103 c\u0103 la data de 13\/14 iunie 2025 lanseaz\u0103 programul estival de transport \u201eTrenurile Soarelui\u201d, ce se va desf\u0103\u0219ura p\u00e2n\u0103 la data de 6\/7 septembrie 2025. Turi\u0219tii vor avea la dispozi\u021bie 54 de trenuri directe (32 suplimentare \u0219i restul din programul obi\u0219nuit) ce vor asigura zilnic leg\u0103turi directe din principalele ora\u0219e din \u021bar\u0103...","og_url":"https:\/\/e-reporter.ro\/index.php\/2025\/06\/03\/programul-estival-de-transport-2025-trenurile-soarelui\/","og_site_name":"e-Reporter.ro","article_published_time":"2025-06-03T03:04:24+00:00","og_image":[{"width":2048,"height":1365,"url":"https:\/\/e-reporter.ro\/wp-content\/uploads\/2025\/06\/82232376_538757883515839_1566847083678269440_n.jpg","type":"image\/jpeg"}],"author":"Gina C.","twitter_card":"summary_large_image","twitter_misc":{"Scris de":"Gina C.","Timp estimat pentru citire":"7 minute"},"schema":{"@context":"https:\/\/schema.org","@graph":[{"@type":"Article","@id":"https:\/\/e-reporter.ro\/index.php\/2025\/06\/03\/programul-estival-de-transport-2025-trenurile-soarelui\/#article","isPartOf":{"@id":"https:\/\/e-reporter.ro\/index.php\/2025\/06\/03\/programul-estival-de-transport-2025-trenurile-soarelui\/"},"author":{"name":"Gina C.","@id":"https:\/\/e-reporter.ro\/#\/schema\/person\/56e7a364fdb56415f6d940e1632f5f9a"},"headline":"Programul estival de transport 2025 \u2013 \u201eTrenurile Soarelui\u201d","datePublished":"2025-06-03T03:04:24+00:00","mainEntityOfPage":{"@id":"https:\/\/e-reporter.ro\/index.php\/2025\/06\/03\/programul-estival-de-transport-2025-trenurile-soarelui\/"},"wordCount":1414,"commentCount":0,"image":{"@id":"https:\/\/e-reporter.ro\/index.php\/2025\/06\/03\/programul-estival-de-transport-2025-trenurile-soarelui\/#primaryimage"},"thumbnailUrl":"https:\/\/e-reporter.ro\/wp-content\/uploads\/2025\/06\/82232376_538757883515839_1566847083678269440_n.jpg","keywords":["AppGallery","Bucure\u0219ti Nord","CFR C\u0103l\u0103tori","Constan\u021ba","InterCity","InterRegio","Marea Neagr\u0103","Tarife","Trenurile Soarelui"],"articleSection":["Actualitate","News"],"inLanguage":"ro-RO","potentialAction":[{"@type":"CommentAction","name":"Comment","target":["https:\/\/e-reporter.ro\/index.php\/2025\/06\/03\/programul-estival-de-transport-2025-trenurile-soarelui\/#respond"]}]},{"@type":"WebPage","@id":"https:\/\/e-reporter.ro\/index.php\/2025\/06\/03\/programul-estival-de-transport-2025-trenurile-soarelui\/","url":"https:\/\/e-reporter.ro\/index.php\/2025\/06\/03\/programul-estival-de-transport-2025-trenurile-soarelui\/","name":"Programul estival de transport 2025 \u2013 \u201eTrenurile Soarelui\u201d - e-Reporter.ro","isPartOf":{"@id":"https:\/\/e-reporter.ro\/#website"},"primaryImageOfPage":{"@id":"https:\/\/e-reporter.ro\/index.php\/2025\/06\/03\/programul-estival-de-transport-2025-trenurile-soarelui\/#primaryimage"},"image":{"@id":"https:\/\/e-reporter.ro\/index.php\/2025\/06\/03\/programul-estival-de-transport-2025-trenurile-soarelui\/#primaryimage"},"thumbnailUrl":"https:\/\/e-reporter.ro\/wp-content\/uploads\/2025\/06\/82232376_538757883515839_1566847083678269440_n.jpg","datePublished":"2025-06-03T03:04:24+00:00","author":{"@id":"https:\/\/e-reporter.ro\/#\/schema\/person\/56e7a364fdb56415f6d940e1632f5f9a"},"breadcrumb":{"@id":"https:\/\/e-reporter.ro\/index.php\/2025\/06\/03\/programul-estival-de-transport-2025-trenurile-soarelui\/#breadcrumb"},"inLanguage":"ro-RO","potentialAction":[{"@type":"ReadAction","target":["https:\/\/e-reporter.ro\/index.php\/2025\/06\/03\/programul-estival-de-transport-2025-trenurile-soarelui\/"]}]},{"@type":"ImageObject","inLanguage":"ro-RO","@id":"https:\/\/e-reporter.ro\/index.php\/2025\/06\/03\/programul-estival-de-transport-2025-trenurile-soarelui\/#primaryimage","url":"https:\/\/e-reporter.ro\/wp-content\/uploads\/2025\/06\/82232376_538757883515839_1566847083678269440_n.jpg","contentUrl":"https:\/\/e-reporter.ro\/wp-content\/uploads\/2025\/06\/82232376_538757883515839_1566847083678269440_n.jpg","width":2048,"height":1365},{"@type":"BreadcrumbList","@id":"https:\/\/e-reporter.ro\/index.php\/2025\/06\/03\/programul-estival-de-transport-2025-trenurile-soarelui\/#breadcrumb","itemListElement":[{"@type":"ListItem","position":1,"name":"Prima pagin\u0103","item":"https:\/\/e-reporter.ro\/"},{"@type":"ListItem","position":2,"name":"Programul estival de transport 2025 \u2013 \u201eTrenurile Soarelui\u201d"}]},{"@type":"WebSite","@id":"https:\/\/e-reporter.ro\/#website","url":"https:\/\/e-reporter.ro\/","name":"e-Reporter.ro","description":"Un ziar ce nu poate fi cumparat!","potentialAction":[{"@type":"SearchAction","target":{"@type":"EntryPoint","urlTemplate":"https:\/\/e-reporter.ro\/?s={search_term_string}"},"query-input":{"@type":"PropertyValueSpecification","valueRequired":true,"valueName":"search_term_string"}}],"inLanguage":"ro-RO"},{"@type":"Person","@id":"https:\/\/e-reporter.ro\/#\/schema\/person\/56e7a364fdb56415f6d940e1632f5f9a","name":"Gina C.","image":{"@type":"ImageObject","inLanguage":"ro-RO","@id":"https:\/\/secure.gravatar.com\/avatar\/2ae42d577154cfc7db575210a060e752bfe74ea9ff07ac02598309fb84ebd983?s=96&d=mm&r=g","url":"https:\/\/secure.gravatar.com\/avatar\/2ae42d577154cfc7db575210a060e752bfe74ea9ff07ac02598309fb84ebd983?s=96&d=mm&r=g","contentUrl":"https:\/\/secure.gravatar.com\/avatar\/2ae42d577154cfc7db575210a060e752bfe74ea9ff07ac02598309fb84ebd983?s=96&d=mm&r=g","caption":"Gina C."},"sameAs":["http:\/\/e-reporter.ro"],"url":"https:\/\/e-reporter.ro\/index.php\/author\/hoesqcmghs\/"}]}},"_links":{"self":[{"href":"https:\/\/e-reporter.ro\/index.php\/wp-json\/wp\/v2\/posts\/2462","targetHints":{"allow":["GET"]}}],"collection":[{"href":"https:\/\/e-reporter.ro\/index.php\/wp-json\/wp\/v2\/posts"}],"about":[{"href":"https:\/\/e-reporter.ro\/index.php\/wp-json\/wp\/v2\/types\/post"}],"author":[{"embeddable":true,"href":"https:\/\/e-reporter.ro\/index.php\/wp-json\/wp\/v2\/users\/1"}],"replies":[{"embeddable":true,"href":"https:\/\/e-reporter.ro\/index.php\/wp-json\/wp\/v2\/comments?post=2462"}],"version-history":[{"count":1,"href":"https:\/\/e-reporter.ro\/index.php\/wp-json\/wp\/v2\/posts\/2462\/revisions"}],"predecessor-version":[{"id":2464,"href":"https:\/\/e-reporter.ro\/index.php\/wp-json\/wp\/v2\/posts\/2462\/revisions\/2464"}],"wp:featuredmedia":[{"embeddable":true,"href":"https:\/\/e-reporter.ro\/index.php\/wp-json\/wp\/v2\/media\/2463"}],"wp:attachment":[{"href":"https:\/\/e-reporter.ro\/index.php\/wp-json\/wp\/v2\/media?parent=2462"}],"wp:term":[{"taxonomy":"category","embeddable":true,"href":"https:\/\/e-reporter.ro\/index.php\/wp-json\/wp\/v2\/categories?post=2462"},{"taxonomy":"post_tag","embeddable":true,"href":"https:\/\/e-reporter.ro\/index.php\/wp-json\/wp\/v2\/tags?post=2462"}],"curies":[{"name":"wp","href":"https:\/\/api.w.org\/{rel}","templated":true}]}}