{"id":2424,"date":"2025-05-15T06:47:16","date_gmt":"2025-05-15T04:47:16","guid":{"rendered":"https:\/\/e-reporter.ro\/?p=2424"},"modified":"2025-05-15T06:47:16","modified_gmt":"2025-05-15T04:47:16","slug":"noaptea-muzeelor-la-muzeul-de-arta-brasov","status":"publish","type":"post","link":"https:\/\/e-reporter.ro\/index.php\/2025\/05\/15\/noaptea-muzeelor-la-muzeul-de-arta-brasov\/","title":{"rendered":"Noaptea Muzeelor la Muzeul de Art\u0103 Bra\u0219ov"},"content":{"rendered":"\n<figure class=\"wp-block-image size-medium\"><img fetchpriority=\"high\" decoding=\"async\" width=\"300\" height=\"169\" src=\"https:\/\/e-reporter.ro\/wp-content\/uploads\/2025\/05\/Arta-Brasov-300x169.jpg\" alt=\"\" class=\"wp-image-2425\" srcset=\"https:\/\/e-reporter.ro\/wp-content\/uploads\/2025\/05\/Arta-Brasov-300x169.jpg 300w, https:\/\/e-reporter.ro\/wp-content\/uploads\/2025\/05\/Arta-Brasov-1024x576.jpg 1024w, https:\/\/e-reporter.ro\/wp-content\/uploads\/2025\/05\/Arta-Brasov-768x432.jpg 768w, https:\/\/e-reporter.ro\/wp-content\/uploads\/2025\/05\/Arta-Brasov-1536x864.jpg 1536w, https:\/\/e-reporter.ro\/wp-content\/uploads\/2025\/05\/Arta-Brasov-180x100.jpg 180w, https:\/\/e-reporter.ro\/wp-content\/uploads\/2025\/05\/Arta-Brasov.jpg 1920w\" sizes=\"(max-width: 300px) 100vw, 300px\" \/><\/figure>\n\n\n\n<p>Muzeul de Art\u0103 Bra\u0219ov \u00ee\u0219i deschide por\u021bile pentru o zi special\u0103 dedicat\u0103 artei, naturii \u0219i st\u0103rii de bine. De diminea\u021b\u0103 p\u00e2n\u0103 t\u00e2rziu \u00een noapte, vizitatorii sunt invita\u021bi s\u0103 se bucure de un eveniment cultural \u0219i social \u00eentr-un cadru prietenos, al\u0103turi de prieteni, familie \u0219i comunitate.<\/p>\n\n\n\n<p>Situat \u00eentre zona pietonal\u0103 a ora\u0219ului \u0219i Parcul \u201eNicolae Titulescu\u201d, muzeul devine o verig\u0103 simbolic\u0103 \u00eentre peisajul natural \u0219i via\u021ba urban\u0103. Aici, natura se reg\u0103se\u0219te \u00een interior, prin forme \u0219i culori, iar arta devine punte \u00eentre oameni \u0219i peisaje, \u00eentre trecut \u0219i prezent, \u00eentre contemplare \u0219i reg\u0103sire. Asemenea unei plimb\u0103ri prin parc, vizita la muzeu poate deveni o experien\u021b\u0103 de echilibru \u0219i lini\u0219te.<\/p>\n\n\n\n<p>\u00cen contextul viitorului muzeelor \u0219i rolul lor pentru comunitate, Muzeul de Art\u0103 Bra\u0219ov propune un dialog viu \u00eentre colec\u021bia permanent\u0103 \u0219i arta contemporan\u0103 \u2013 \u00eentre tehnici clasice precum uleiul pe p\u00e2nz\u0103 \u0219i expresii moderne precum fotografia, acuarela sau gravura. Bog\u0103\u021bia artistic\u0103 a muzeului este completat\u0103 de rela\u021bia creat\u0103 \u00eentre opere \u0219i vizitatori, \u00eentr-un spa\u021biu viu \u0219i deschis dialogului.<\/p>\n\n\n\n<p><img decoding=\"async\" height=\"16\" width=\"16\" alt=\"\ud83d\udccd\" src=\"https:\/\/static.xx.fbcdn.net\/images\/emoji.php\/v9\/t2d\/1\/16\/1f4cd.png\">&nbsp;Expozi\u021bii temporare:<br><img decoding=\"async\" height=\"16\" width=\"16\" alt=\"\u2b50\ufe0f\" src=\"https:\/\/static.xx.fbcdn.net\/images\/emoji.php\/v9\/tb4\/1\/16\/2b50.png\">&nbsp;\u201eLINIA creeaz\u0103 spa\u021biul\u201d \u2013 de Geta Br\u0103tescu [Window Art \u2013 Fa\u021bada cl\u0103dirii]<br><img decoding=\"async\" height=\"16\" width=\"16\" alt=\"\u2b50\ufe0f\" src=\"https:\/\/static.xx.fbcdn.net\/images\/emoji.php\/v9\/tb4\/1\/16\/2b50.png\">&nbsp;\u201eAnatomia peisajului transilv\u0103nean\u201d \u2013 curator: Mihai Zgondoiu; artist: Bogdan Mihai Radu<br><img decoding=\"async\" height=\"16\" width=\"16\" alt=\"\u2b50\ufe0f\" src=\"https:\/\/static.xx.fbcdn.net\/images\/emoji.php\/v9\/tb4\/1\/16\/2b50.png\">&nbsp;\u201eTopografii rescrise\u201d \u2013 curator: Alina \u0218erban; arti\u0219ti: Lucian Bran, Mihai Pl\u0103tic\u0103, Hora\u021biu \u0218ov\u0103ial\u0103, Mihai \u0218ov\u0103ial\u0103<br><img decoding=\"async\" height=\"16\" width=\"16\" alt=\"\u2b50\ufe0f\" src=\"https:\/\/static.xx.fbcdn.net\/images\/emoji.php\/v9\/tb4\/1\/16\/2b50.png\">&nbsp;\u201eSubjective Art History\u201d &amp; \u201eGeneral Culture Timeline\u201d \u2013 de Lia Perjovschi [Scar\u0103]<\/p>\n\n\n\n<p><img loading=\"lazy\" decoding=\"async\" height=\"16\" width=\"16\" alt=\"\ud83d\uddbc\ufe0f\" src=\"https:\/\/static.xx.fbcdn.net\/images\/emoji.php\/v9\/t4e\/1\/16\/1f5bc.png\">&nbsp;Expozi\u021bia de baz\u0103:<br>Galeria de Art\u0103 Rom\u00e2neasc\u0103 \u2013 o colec\u021bie impresionant\u0103 de opere ale marilor arti\u0219ti rom\u00e2ni \u0219i bra\u0219oveni \u0219i o c\u0103l\u0103torie \u00een istoria sensibilit\u0103\u021bii vizuale \u0219i creative a acestui spa\u021biu geografic.<\/p>\n\n\n\n<p><img loading=\"lazy\" decoding=\"async\" height=\"16\" width=\"16\" alt=\"\ud83c\udf19\" src=\"https:\/\/static.xx.fbcdn.net\/images\/emoji.php\/v9\/t33\/1\/16\/1f319.png\">&nbsp;V\u0103 invit\u0103m cu drag la Noaptea Muzeelor, un eveniment dedicat tuturor celor care \u00ee\u0219i doresc s\u0103 exploreze frumuse\u021bea \u0219i creativitatea uman\u0103 dincolo de barierele programului obi\u0219nuit \u0219i ale costurilor asociate cu o vizit\u0103 la muzeu!<\/p>\n\n\n\n<p>Evenimentul este finan\u021bat de Ministerul Culturii \u0219i Consiliul Jude\u021bean Bra\u0219ov. Organizarea \u0219i promovarea sunt asigurate de Re\u021beaua Na\u021bional\u0103 a Muzeelor din Rom\u00e2nia.<\/p>\n\n\n\n<p>S\u00e2mb\u0103t\u0103, 17 mai 2025 | 11:00 \u2013 23:00 (ultima intrare)<\/p>\n\n\n\n<p><\/p>\n","protected":false},"excerpt":{"rendered":"<p>Muzeul de Art\u0103 Bra\u0219ov \u00ee\u0219i deschide por\u021bile pentru o zi special\u0103 dedicat\u0103 artei, naturii \u0219i st\u0103rii de bine. De diminea\u021b\u0103 p\u00e2n\u0103 t\u00e2rziu \u00een noapte, vizitatorii sunt invita\u021bi s\u0103 se bucure de un eveniment cultural \u0219i social \u00eentr-un cadru prietenos, al\u0103turi de prieteni, familie \u0219i comunitate. Situat \u00eentre zona pietonal\u0103 a ora\u0219ului \u0219i Parcul \u201eNicolae Titulescu\u201d,&#8230;<\/p>\n","protected":false},"author":1,"featured_media":2425,"comment_status":"open","ping_status":"open","sticky":false,"template":"","format":"standard","meta":{"footnotes":""},"categories":[18,17,19,21,20,27],"tags":[270,277,275,272,274,273,276,271,198,278],"class_list":["post-2424","post","type-post","status-publish","format-standard","has-post-thumbnail","hentry","category-actualitate","category-arte-vizuale","category-artisti","category-interviuri","category-muzee","category-news","tag-arta-brasov","tag-consiliul-judetean-brasov","tag-galeria-de-arta-romaneasca","tag-geta-bratescu","tag-lia-perjovschi","tag-mihai-zgondoiu","tag-ministerul-culturii","tag-muzeul-de-arta-brasov","tag-noaptea-muzeelor","tag-reteaua-nationala-a-muzeelor-din-romania"],"yoast_head":"<!-- This site is optimized with the Yoast SEO plugin v27.4 - https:\/\/yoast.com\/product\/yoast-seo-wordpress\/ -->\n<title>Noaptea Muzeelor la Muzeul de Art\u0103 Bra\u0219ov - e-Reporter.ro<\/title>\n<meta name=\"robots\" content=\"index, follow, max-snippet:-1, max-image-preview:large, max-video-preview:-1\" \/>\n<link rel=\"canonical\" href=\"https:\/\/e-reporter.ro\/index.php\/2025\/05\/15\/noaptea-muzeelor-la-muzeul-de-arta-brasov\/\" \/>\n<meta property=\"og:locale\" content=\"ro_RO\" \/>\n<meta property=\"og:type\" content=\"article\" \/>\n<meta property=\"og:title\" content=\"Noaptea Muzeelor la Muzeul de Art\u0103 Bra\u0219ov - e-Reporter.ro\" \/>\n<meta property=\"og:description\" content=\"Muzeul de Art\u0103 Bra\u0219ov \u00ee\u0219i deschide por\u021bile pentru o zi special\u0103 dedicat\u0103 artei, naturii \u0219i st\u0103rii de bine. De diminea\u021b\u0103 p\u00e2n\u0103 t\u00e2rziu \u00een noapte, vizitatorii sunt invita\u021bi s\u0103 se bucure de un eveniment cultural \u0219i social \u00eentr-un cadru prietenos, al\u0103turi de prieteni, familie \u0219i comunitate. Situat \u00eentre zona pietonal\u0103 a ora\u0219ului \u0219i Parcul \u201eNicolae Titulescu\u201d,...\" \/>\n<meta property=\"og:url\" content=\"https:\/\/e-reporter.ro\/index.php\/2025\/05\/15\/noaptea-muzeelor-la-muzeul-de-arta-brasov\/\" \/>\n<meta property=\"og:site_name\" content=\"e-Reporter.ro\" \/>\n<meta property=\"article:published_time\" content=\"2025-05-15T04:47:16+00:00\" \/>\n<meta property=\"og:image\" content=\"https:\/\/e-reporter.ro\/wp-content\/uploads\/2025\/05\/Arta-Brasov.jpg\" \/>\n\t<meta property=\"og:image:width\" content=\"1920\" \/>\n\t<meta property=\"og:image:height\" content=\"1080\" \/>\n\t<meta property=\"og:image:type\" content=\"image\/jpeg\" \/>\n<meta name=\"author\" content=\"Gina C.\" \/>\n<meta name=\"twitter:card\" content=\"summary_large_image\" \/>\n<meta name=\"twitter:label1\" content=\"Scris de\" \/>\n\t<meta name=\"twitter:data1\" content=\"Gina C.\" \/>\n\t<meta name=\"twitter:label2\" content=\"Timp estimat pentru citire\" \/>\n\t<meta name=\"twitter:data2\" content=\"2 minute\" \/>\n<script type=\"application\/ld+json\" class=\"yoast-schema-graph\">{\"@context\":\"https:\\\/\\\/schema.org\",\"@graph\":[{\"@type\":\"Article\",\"@id\":\"https:\\\/\\\/e-reporter.ro\\\/index.php\\\/2025\\\/05\\\/15\\\/noaptea-muzeelor-la-muzeul-de-arta-brasov\\\/#article\",\"isPartOf\":{\"@id\":\"https:\\\/\\\/e-reporter.ro\\\/index.php\\\/2025\\\/05\\\/15\\\/noaptea-muzeelor-la-muzeul-de-arta-brasov\\\/\"},\"author\":{\"name\":\"Gina C.\",\"@id\":\"https:\\\/\\\/e-reporter.ro\\\/#\\\/schema\\\/person\\\/56e7a364fdb56415f6d940e1632f5f9a\"},\"headline\":\"Noaptea Muzeelor la Muzeul de Art\u0103 Bra\u0219ov\",\"datePublished\":\"2025-05-15T04:47:16+00:00\",\"mainEntityOfPage\":{\"@id\":\"https:\\\/\\\/e-reporter.ro\\\/index.php\\\/2025\\\/05\\\/15\\\/noaptea-muzeelor-la-muzeul-de-arta-brasov\\\/\"},\"wordCount\":371,\"commentCount\":0,\"image\":{\"@id\":\"https:\\\/\\\/e-reporter.ro\\\/index.php\\\/2025\\\/05\\\/15\\\/noaptea-muzeelor-la-muzeul-de-arta-brasov\\\/#primaryimage\"},\"thumbnailUrl\":\"https:\\\/\\\/e-reporter.ro\\\/wp-content\\\/uploads\\\/2025\\\/05\\\/Arta-Brasov.jpg\",\"keywords\":[\"Art\u0103 Bra\u0219ov\",\"Consiliul Jude\u021bean Bra\u0219ov\",\"Galeria de Art\u0103 Rom\u00e2neasc\u0103\",\"Geta Br\u0103tescu\",\"Lia Perjovschi\",\"Mihai Zgondoiu\",\"Ministerul Culturii\",\"Muzeul de Art\u0103 Bra\u0219ov\",\"Noaptea Muzeelor\",\"Re\u021beaua Na\u021bional\u0103 a Muzeelor din Rom\u00e2nia\"],\"articleSection\":[\"Actualitate\",\"Arte vizuale\",\"Artisti\",\"Interviuri\",\"Muzee\",\"News\"],\"inLanguage\":\"ro-RO\",\"potentialAction\":[{\"@type\":\"CommentAction\",\"name\":\"Comment\",\"target\":[\"https:\\\/\\\/e-reporter.ro\\\/index.php\\\/2025\\\/05\\\/15\\\/noaptea-muzeelor-la-muzeul-de-arta-brasov\\\/#respond\"]}]},{\"@type\":\"WebPage\",\"@id\":\"https:\\\/\\\/e-reporter.ro\\\/index.php\\\/2025\\\/05\\\/15\\\/noaptea-muzeelor-la-muzeul-de-arta-brasov\\\/\",\"url\":\"https:\\\/\\\/e-reporter.ro\\\/index.php\\\/2025\\\/05\\\/15\\\/noaptea-muzeelor-la-muzeul-de-arta-brasov\\\/\",\"name\":\"Noaptea Muzeelor la Muzeul de Art\u0103 Bra\u0219ov - e-Reporter.ro\",\"isPartOf\":{\"@id\":\"https:\\\/\\\/e-reporter.ro\\\/#website\"},\"primaryImageOfPage\":{\"@id\":\"https:\\\/\\\/e-reporter.ro\\\/index.php\\\/2025\\\/05\\\/15\\\/noaptea-muzeelor-la-muzeul-de-arta-brasov\\\/#primaryimage\"},\"image\":{\"@id\":\"https:\\\/\\\/e-reporter.ro\\\/index.php\\\/2025\\\/05\\\/15\\\/noaptea-muzeelor-la-muzeul-de-arta-brasov\\\/#primaryimage\"},\"thumbnailUrl\":\"https:\\\/\\\/e-reporter.ro\\\/wp-content\\\/uploads\\\/2025\\\/05\\\/Arta-Brasov.jpg\",\"datePublished\":\"2025-05-15T04:47:16+00:00\",\"author\":{\"@id\":\"https:\\\/\\\/e-reporter.ro\\\/#\\\/schema\\\/person\\\/56e7a364fdb56415f6d940e1632f5f9a\"},\"breadcrumb\":{\"@id\":\"https:\\\/\\\/e-reporter.ro\\\/index.php\\\/2025\\\/05\\\/15\\\/noaptea-muzeelor-la-muzeul-de-arta-brasov\\\/#breadcrumb\"},\"inLanguage\":\"ro-RO\",\"potentialAction\":[{\"@type\":\"ReadAction\",\"target\":[\"https:\\\/\\\/e-reporter.ro\\\/index.php\\\/2025\\\/05\\\/15\\\/noaptea-muzeelor-la-muzeul-de-arta-brasov\\\/\"]}]},{\"@type\":\"ImageObject\",\"inLanguage\":\"ro-RO\",\"@id\":\"https:\\\/\\\/e-reporter.ro\\\/index.php\\\/2025\\\/05\\\/15\\\/noaptea-muzeelor-la-muzeul-de-arta-brasov\\\/#primaryimage\",\"url\":\"https:\\\/\\\/e-reporter.ro\\\/wp-content\\\/uploads\\\/2025\\\/05\\\/Arta-Brasov.jpg\",\"contentUrl\":\"https:\\\/\\\/e-reporter.ro\\\/wp-content\\\/uploads\\\/2025\\\/05\\\/Arta-Brasov.jpg\",\"width\":1920,\"height\":1080},{\"@type\":\"BreadcrumbList\",\"@id\":\"https:\\\/\\\/e-reporter.ro\\\/index.php\\\/2025\\\/05\\\/15\\\/noaptea-muzeelor-la-muzeul-de-arta-brasov\\\/#breadcrumb\",\"itemListElement\":[{\"@type\":\"ListItem\",\"position\":1,\"name\":\"Prima pagin\u0103\",\"item\":\"https:\\\/\\\/e-reporter.ro\\\/\"},{\"@type\":\"ListItem\",\"position\":2,\"name\":\"Noaptea Muzeelor la Muzeul de Art\u0103 Bra\u0219ov\"}]},{\"@type\":\"WebSite\",\"@id\":\"https:\\\/\\\/e-reporter.ro\\\/#website\",\"url\":\"https:\\\/\\\/e-reporter.ro\\\/\",\"name\":\"e-Reporter.ro\",\"description\":\"Un ziar ce nu poate fi cumparat!\",\"potentialAction\":[{\"@type\":\"SearchAction\",\"target\":{\"@type\":\"EntryPoint\",\"urlTemplate\":\"https:\\\/\\\/e-reporter.ro\\\/?s={search_term_string}\"},\"query-input\":{\"@type\":\"PropertyValueSpecification\",\"valueRequired\":true,\"valueName\":\"search_term_string\"}}],\"inLanguage\":\"ro-RO\"},{\"@type\":\"Person\",\"@id\":\"https:\\\/\\\/e-reporter.ro\\\/#\\\/schema\\\/person\\\/56e7a364fdb56415f6d940e1632f5f9a\",\"name\":\"Gina C.\",\"image\":{\"@type\":\"ImageObject\",\"inLanguage\":\"ro-RO\",\"@id\":\"https:\\\/\\\/secure.gravatar.com\\\/avatar\\\/2ae42d577154cfc7db575210a060e752bfe74ea9ff07ac02598309fb84ebd983?s=96&d=mm&r=g\",\"url\":\"https:\\\/\\\/secure.gravatar.com\\\/avatar\\\/2ae42d577154cfc7db575210a060e752bfe74ea9ff07ac02598309fb84ebd983?s=96&d=mm&r=g\",\"contentUrl\":\"https:\\\/\\\/secure.gravatar.com\\\/avatar\\\/2ae42d577154cfc7db575210a060e752bfe74ea9ff07ac02598309fb84ebd983?s=96&d=mm&r=g\",\"caption\":\"Gina C.\"},\"sameAs\":[\"http:\\\/\\\/e-reporter.ro\"],\"url\":\"https:\\\/\\\/e-reporter.ro\\\/index.php\\\/author\\\/hoesqcmghs\\\/\"}]}<\/script>\n<!-- \/ Yoast SEO plugin. -->","yoast_head_json":{"title":"Noaptea Muzeelor la Muzeul de Art\u0103 Bra\u0219ov - e-Reporter.ro","robots":{"index":"index","follow":"follow","max-snippet":"max-snippet:-1","max-image-preview":"max-image-preview:large","max-video-preview":"max-video-preview:-1"},"canonical":"https:\/\/e-reporter.ro\/index.php\/2025\/05\/15\/noaptea-muzeelor-la-muzeul-de-arta-brasov\/","og_locale":"ro_RO","og_type":"article","og_title":"Noaptea Muzeelor la Muzeul de Art\u0103 Bra\u0219ov - e-Reporter.ro","og_description":"Muzeul de Art\u0103 Bra\u0219ov \u00ee\u0219i deschide por\u021bile pentru o zi special\u0103 dedicat\u0103 artei, naturii \u0219i st\u0103rii de bine. De diminea\u021b\u0103 p\u00e2n\u0103 t\u00e2rziu \u00een noapte, vizitatorii sunt invita\u021bi s\u0103 se bucure de un eveniment cultural \u0219i social \u00eentr-un cadru prietenos, al\u0103turi de prieteni, familie \u0219i comunitate. Situat \u00eentre zona pietonal\u0103 a ora\u0219ului \u0219i Parcul \u201eNicolae Titulescu\u201d,...","og_url":"https:\/\/e-reporter.ro\/index.php\/2025\/05\/15\/noaptea-muzeelor-la-muzeul-de-arta-brasov\/","og_site_name":"e-Reporter.ro","article_published_time":"2025-05-15T04:47:16+00:00","og_image":[{"width":1920,"height":1080,"url":"https:\/\/e-reporter.ro\/wp-content\/uploads\/2025\/05\/Arta-Brasov.jpg","type":"image\/jpeg"}],"author":"Gina C.","twitter_card":"summary_large_image","twitter_misc":{"Scris de":"Gina C.","Timp estimat pentru citire":"2 minute"},"schema":{"@context":"https:\/\/schema.org","@graph":[{"@type":"Article","@id":"https:\/\/e-reporter.ro\/index.php\/2025\/05\/15\/noaptea-muzeelor-la-muzeul-de-arta-brasov\/#article","isPartOf":{"@id":"https:\/\/e-reporter.ro\/index.php\/2025\/05\/15\/noaptea-muzeelor-la-muzeul-de-arta-brasov\/"},"author":{"name":"Gina C.","@id":"https:\/\/e-reporter.ro\/#\/schema\/person\/56e7a364fdb56415f6d940e1632f5f9a"},"headline":"Noaptea Muzeelor la Muzeul de Art\u0103 Bra\u0219ov","datePublished":"2025-05-15T04:47:16+00:00","mainEntityOfPage":{"@id":"https:\/\/e-reporter.ro\/index.php\/2025\/05\/15\/noaptea-muzeelor-la-muzeul-de-arta-brasov\/"},"wordCount":371,"commentCount":0,"image":{"@id":"https:\/\/e-reporter.ro\/index.php\/2025\/05\/15\/noaptea-muzeelor-la-muzeul-de-arta-brasov\/#primaryimage"},"thumbnailUrl":"https:\/\/e-reporter.ro\/wp-content\/uploads\/2025\/05\/Arta-Brasov.jpg","keywords":["Art\u0103 Bra\u0219ov","Consiliul Jude\u021bean Bra\u0219ov","Galeria de Art\u0103 Rom\u00e2neasc\u0103","Geta Br\u0103tescu","Lia Perjovschi","Mihai Zgondoiu","Ministerul Culturii","Muzeul de Art\u0103 Bra\u0219ov","Noaptea Muzeelor","Re\u021beaua Na\u021bional\u0103 a Muzeelor din Rom\u00e2nia"],"articleSection":["Actualitate","Arte vizuale","Artisti","Interviuri","Muzee","News"],"inLanguage":"ro-RO","potentialAction":[{"@type":"CommentAction","name":"Comment","target":["https:\/\/e-reporter.ro\/index.php\/2025\/05\/15\/noaptea-muzeelor-la-muzeul-de-arta-brasov\/#respond"]}]},{"@type":"WebPage","@id":"https:\/\/e-reporter.ro\/index.php\/2025\/05\/15\/noaptea-muzeelor-la-muzeul-de-arta-brasov\/","url":"https:\/\/e-reporter.ro\/index.php\/2025\/05\/15\/noaptea-muzeelor-la-muzeul-de-arta-brasov\/","name":"Noaptea Muzeelor la Muzeul de Art\u0103 Bra\u0219ov - e-Reporter.ro","isPartOf":{"@id":"https:\/\/e-reporter.ro\/#website"},"primaryImageOfPage":{"@id":"https:\/\/e-reporter.ro\/index.php\/2025\/05\/15\/noaptea-muzeelor-la-muzeul-de-arta-brasov\/#primaryimage"},"image":{"@id":"https:\/\/e-reporter.ro\/index.php\/2025\/05\/15\/noaptea-muzeelor-la-muzeul-de-arta-brasov\/#primaryimage"},"thumbnailUrl":"https:\/\/e-reporter.ro\/wp-content\/uploads\/2025\/05\/Arta-Brasov.jpg","datePublished":"2025-05-15T04:47:16+00:00","author":{"@id":"https:\/\/e-reporter.ro\/#\/schema\/person\/56e7a364fdb56415f6d940e1632f5f9a"},"breadcrumb":{"@id":"https:\/\/e-reporter.ro\/index.php\/2025\/05\/15\/noaptea-muzeelor-la-muzeul-de-arta-brasov\/#breadcrumb"},"inLanguage":"ro-RO","potentialAction":[{"@type":"ReadAction","target":["https:\/\/e-reporter.ro\/index.php\/2025\/05\/15\/noaptea-muzeelor-la-muzeul-de-arta-brasov\/"]}]},{"@type":"ImageObject","inLanguage":"ro-RO","@id":"https:\/\/e-reporter.ro\/index.php\/2025\/05\/15\/noaptea-muzeelor-la-muzeul-de-arta-brasov\/#primaryimage","url":"https:\/\/e-reporter.ro\/wp-content\/uploads\/2025\/05\/Arta-Brasov.jpg","contentUrl":"https:\/\/e-reporter.ro\/wp-content\/uploads\/2025\/05\/Arta-Brasov.jpg","width":1920,"height":1080},{"@type":"BreadcrumbList","@id":"https:\/\/e-reporter.ro\/index.php\/2025\/05\/15\/noaptea-muzeelor-la-muzeul-de-arta-brasov\/#breadcrumb","itemListElement":[{"@type":"ListItem","position":1,"name":"Prima pagin\u0103","item":"https:\/\/e-reporter.ro\/"},{"@type":"ListItem","position":2,"name":"Noaptea Muzeelor la Muzeul de Art\u0103 Bra\u0219ov"}]},{"@type":"WebSite","@id":"https:\/\/e-reporter.ro\/#website","url":"https:\/\/e-reporter.ro\/","name":"e-Reporter.ro","description":"Un ziar ce nu poate fi cumparat!","potentialAction":[{"@type":"SearchAction","target":{"@type":"EntryPoint","urlTemplate":"https:\/\/e-reporter.ro\/?s={search_term_string}"},"query-input":{"@type":"PropertyValueSpecification","valueRequired":true,"valueName":"search_term_string"}}],"inLanguage":"ro-RO"},{"@type":"Person","@id":"https:\/\/e-reporter.ro\/#\/schema\/person\/56e7a364fdb56415f6d940e1632f5f9a","name":"Gina C.","image":{"@type":"ImageObject","inLanguage":"ro-RO","@id":"https:\/\/secure.gravatar.com\/avatar\/2ae42d577154cfc7db575210a060e752bfe74ea9ff07ac02598309fb84ebd983?s=96&d=mm&r=g","url":"https:\/\/secure.gravatar.com\/avatar\/2ae42d577154cfc7db575210a060e752bfe74ea9ff07ac02598309fb84ebd983?s=96&d=mm&r=g","contentUrl":"https:\/\/secure.gravatar.com\/avatar\/2ae42d577154cfc7db575210a060e752bfe74ea9ff07ac02598309fb84ebd983?s=96&d=mm&r=g","caption":"Gina C."},"sameAs":["http:\/\/e-reporter.ro"],"url":"https:\/\/e-reporter.ro\/index.php\/author\/hoesqcmghs\/"}]}},"_links":{"self":[{"href":"https:\/\/e-reporter.ro\/index.php\/wp-json\/wp\/v2\/posts\/2424","targetHints":{"allow":["GET"]}}],"collection":[{"href":"https:\/\/e-reporter.ro\/index.php\/wp-json\/wp\/v2\/posts"}],"about":[{"href":"https:\/\/e-reporter.ro\/index.php\/wp-json\/wp\/v2\/types\/post"}],"author":[{"embeddable":true,"href":"https:\/\/e-reporter.ro\/index.php\/wp-json\/wp\/v2\/users\/1"}],"replies":[{"embeddable":true,"href":"https:\/\/e-reporter.ro\/index.php\/wp-json\/wp\/v2\/comments?post=2424"}],"version-history":[{"count":1,"href":"https:\/\/e-reporter.ro\/index.php\/wp-json\/wp\/v2\/posts\/2424\/revisions"}],"predecessor-version":[{"id":2426,"href":"https:\/\/e-reporter.ro\/index.php\/wp-json\/wp\/v2\/posts\/2424\/revisions\/2426"}],"wp:featuredmedia":[{"embeddable":true,"href":"https:\/\/e-reporter.ro\/index.php\/wp-json\/wp\/v2\/media\/2425"}],"wp:attachment":[{"href":"https:\/\/e-reporter.ro\/index.php\/wp-json\/wp\/v2\/media?parent=2424"}],"wp:term":[{"taxonomy":"category","embeddable":true,"href":"https:\/\/e-reporter.ro\/index.php\/wp-json\/wp\/v2\/categories?post=2424"},{"taxonomy":"post_tag","embeddable":true,"href":"https:\/\/e-reporter.ro\/index.php\/wp-json\/wp\/v2\/tags?post=2424"}],"curies":[{"name":"wp","href":"https:\/\/api.w.org\/{rel}","templated":true}]}}