{"id":2407,"date":"2025-05-13T17:01:34","date_gmt":"2025-05-13T15:01:34","guid":{"rendered":"https:\/\/e-reporter.ro\/?p=2407"},"modified":"2025-05-13T20:03:52","modified_gmt":"2025-05-13T18:03:52","slug":"minac-participa-la-evenimentul-european-noaptea-europeana-a-muzeelor-editia-2025","status":"publish","type":"post","link":"https:\/\/e-reporter.ro\/index.php\/2025\/05\/13\/minac-participa-la-evenimentul-european-noaptea-europeana-a-muzeelor-editia-2025\/","title":{"rendered":"MINAC particip\u0103 la evenimentul european Noaptea European\u0103 a Muzeelor, edi\u021bia 2025"},"content":{"rendered":"\n<figure class=\"wp-block-image size-medium\"><img fetchpriority=\"high\" decoding=\"async\" width=\"224\" height=\"300\" src=\"https:\/\/e-reporter.ro\/wp-content\/uploads\/2025\/05\/nm-c-224x300.jpg\" alt=\"\" class=\"wp-image-2408\"\/><\/figure>\n\n\n\n<p>Deja tradi\u021bional, Muzeul de Istorie Na\u021bional\u0103 \u0219i Arheologie Constan\u021ba (MINAC) particip\u0103 la evenimentul european Noaptea European\u0103 a Muzeelor, edi\u021bia 2025. Programul zilei \u0219i serii de 17 mai include tururi ghidate la obiectivele sale muzeale, cu intrare gratuit\u0103 pentru toate categoriile de vizitatori, ateliere pentru copii \u0219i activit\u0103\u021bi de popularizare a patrimoniului.<\/p>\n\n\n\n<p>Obiectivele MINAC din jude\u021bul Constan\u021ba, incluse \u00een eveniment, vor putea fi vizitate dup\u0103 urm\u0103torul program:<br>\u2022 Complexul Muzeal Histria \u2013 09:00 \u2013 19:00 (cu ultima intrare la ora 18:00)<br>\u2022 Complexul Muzeal \u201eTropaeum Traiani\u201d Adamclisi \u2013 09:00 \u2013 19:00 (cu ultima intrare la ora 18:00)<br>\u2022 Cetatea Capidava 09:00 &#8211; 19:00 (cu ultima intrare la ora 18:00)<br>\u2022 Centrul \u201eHamangia\u201d din cadrul Muzeului \u201eAxiopolis\u201d Cernavod\u0103 16:00 &#8211; 22:00 (cu ultima intrare la ora 21:00)<\/p>\n\n\n\n<p>\u00cen Constan\u021ba, la Morm\u00e2ntul pictat de la Tomis, aflat pe strada Mircea cel B\u0103tr\u00e2n, recent inclus \u00een circuitul de vizitare, colegii no\u0219tri invit\u0103 copiii s\u0103 descopere magia artei romane la atelierul creativ \u201eLegende modelate \u00een lut\u201d organizat \u00eentre orele 12:00 \u0219i 16:00. Micii arti\u0219ti, inspira\u021bi de simbolurile \u0219i legendele antice, vor explora, prin modelarea lutului, lumea roman\u0103, a\u0219a cum reiese ea din descoperirile arheologilor \u0219i din scrierile antice. Activitatea are rolul de a stimula creativitatea \u0219i de a oferi o educa\u021bie valoroas\u0103, \u00eentr-un cadru relaxant. Evenimentul este coordonat de speciali\u0219tii muzeului \u0219i se adreseaz\u0103 copiilor pasiona\u021bi de istorie \u0219i art\u0103.<\/p>\n\n\n\n<p>Tot aici, \u00eentre orele 12:00 \u2013 24:00, studen\u021bii programului de masterat \u201eMedii Virtuale Multimodale Distribuite\u201d al Facult\u0103\u021bii de Matematic\u0103 \u0219i Informatic\u0103, din cadrul Universit\u0103\u021bii \u201eOvidius\u201d Constan\u021ba vor ghida vizitatorii \u00eentr-o propunere de reconstituire virtual\u0103 a zonei centrale a ora\u0219ului antic, activitate intitulat\u0103 Tomis 3D: o incursiune virtual\u0103 \u00een trecut. Reconstituirea 3D pleac\u0103 de la c\u00e2teva premise arheologice reale la care au fost ad\u0103ugate m\u0103rturii arheologice romane ce apar\u021bin altor zone geografice, dar \u0219i elemente de interpretare artistic\u0103 personal\u0103, toate organizate pentru a crea o imagine coerent\u0103, care s\u0103 permit\u0103 publicului s\u0103 se transpun\u0103 \u00eentr-o atmosfer\u0103 pl\u0103cut\u0103.<br>Pentru vizitarea \u0219i activit\u0103\u021bile desf\u0103\u0219urate la Morm\u00e2ntul pictat de la Tomis, ultima intrare este la ora 23:00.<\/p>\n","protected":false},"excerpt":{"rendered":"<p>Deja tradi\u021bional, Muzeul de Istorie Na\u021bional\u0103 \u0219i Arheologie Constan\u021ba (MINAC) particip\u0103 la evenimentul european Noaptea European\u0103 a Muzeelor, edi\u021bia 2025. Programul zilei \u0219i serii de 17 mai include tururi ghidate la obiectivele sale muzeale, cu intrare gratuit\u0103 pentru toate categoriile de vizitatori, ateliere pentru copii \u0219i activit\u0103\u021bi de popularizare a patrimoniului. Obiectivele MINAC din jude\u021bul&#8230;<\/p>\n","protected":false},"author":1,"featured_media":2408,"comment_status":"open","ping_status":"open","sticky":false,"template":"","format":"standard","meta":{"footnotes":""},"categories":[18,17,19,21,20,27],"tags":[236,235,234,232,231,233],"class_list":["post-2407","post","type-post","status-publish","format-standard","has-post-thumbnail","hentry","category-actualitate","category-arte-vizuale","category-artisti","category-interviuri","category-muzee","category-news","tag-cetatea-capidava","tag-complexul-muzeal-histria","tag-editia-2025","tag-minac","tag-muzeul-de-istorie-nationala-si-arheologie-constanta","tag-noaptea-europeana-a-muzeelor"],"yoast_head":"<!-- This site is optimized with the Yoast SEO plugin v27.4 - https:\/\/yoast.com\/product\/yoast-seo-wordpress\/ -->\n<title>MINAC particip\u0103 la evenimentul european Noaptea European\u0103 a Muzeelor, edi\u021bia 2025 - e-Reporter.ro<\/title>\n<meta name=\"robots\" content=\"index, follow, max-snippet:-1, max-image-preview:large, max-video-preview:-1\" \/>\n<link rel=\"canonical\" href=\"https:\/\/e-reporter.ro\/index.php\/2025\/05\/13\/minac-participa-la-evenimentul-european-noaptea-europeana-a-muzeelor-editia-2025\/\" \/>\n<meta property=\"og:locale\" content=\"ro_RO\" \/>\n<meta property=\"og:type\" content=\"article\" \/>\n<meta property=\"og:title\" content=\"MINAC particip\u0103 la evenimentul european Noaptea European\u0103 a Muzeelor, edi\u021bia 2025 - e-Reporter.ro\" \/>\n<meta property=\"og:description\" content=\"Deja tradi\u021bional, Muzeul de Istorie Na\u021bional\u0103 \u0219i Arheologie Constan\u021ba (MINAC) particip\u0103 la evenimentul european Noaptea European\u0103 a Muzeelor, edi\u021bia 2025. Programul zilei \u0219i serii de 17 mai include tururi ghidate la obiectivele sale muzeale, cu intrare gratuit\u0103 pentru toate categoriile de vizitatori, ateliere pentru copii \u0219i activit\u0103\u021bi de popularizare a patrimoniului. Obiectivele MINAC din jude\u021bul...\" \/>\n<meta property=\"og:url\" content=\"https:\/\/e-reporter.ro\/index.php\/2025\/05\/13\/minac-participa-la-evenimentul-european-noaptea-europeana-a-muzeelor-editia-2025\/\" \/>\n<meta property=\"og:site_name\" content=\"e-Reporter.ro\" \/>\n<meta property=\"article:published_time\" content=\"2025-05-13T15:01:34+00:00\" \/>\n<meta property=\"article:modified_time\" content=\"2025-05-13T18:03:52+00:00\" \/>\n<meta property=\"og:image\" content=\"https:\/\/e-reporter.ro\/wp-content\/uploads\/2025\/05\/nm-c-e1747148335311.jpg\" \/>\n\t<meta property=\"og:image:width\" content=\"326\" \/>\n\t<meta property=\"og:image:height\" content=\"436\" \/>\n\t<meta property=\"og:image:type\" content=\"image\/jpeg\" \/>\n<meta name=\"author\" content=\"Gina C.\" \/>\n<meta name=\"twitter:card\" content=\"summary_large_image\" \/>\n<meta name=\"twitter:label1\" content=\"Scris de\" \/>\n\t<meta name=\"twitter:data1\" content=\"Gina C.\" \/>\n\t<meta name=\"twitter:label2\" content=\"Timp estimat pentru citire\" \/>\n\t<meta name=\"twitter:data2\" content=\"2 minute\" \/>\n<script type=\"application\/ld+json\" class=\"yoast-schema-graph\">{\"@context\":\"https:\\\/\\\/schema.org\",\"@graph\":[{\"@type\":\"Article\",\"@id\":\"https:\\\/\\\/e-reporter.ro\\\/index.php\\\/2025\\\/05\\\/13\\\/minac-participa-la-evenimentul-european-noaptea-europeana-a-muzeelor-editia-2025\\\/#article\",\"isPartOf\":{\"@id\":\"https:\\\/\\\/e-reporter.ro\\\/index.php\\\/2025\\\/05\\\/13\\\/minac-participa-la-evenimentul-european-noaptea-europeana-a-muzeelor-editia-2025\\\/\"},\"author\":{\"name\":\"Gina C.\",\"@id\":\"https:\\\/\\\/e-reporter.ro\\\/#\\\/schema\\\/person\\\/56e7a364fdb56415f6d940e1632f5f9a\"},\"headline\":\"MINAC particip\u0103 la evenimentul european Noaptea European\u0103 a Muzeelor, edi\u021bia 2025\",\"datePublished\":\"2025-05-13T15:01:34+00:00\",\"dateModified\":\"2025-05-13T18:03:52+00:00\",\"mainEntityOfPage\":{\"@id\":\"https:\\\/\\\/e-reporter.ro\\\/index.php\\\/2025\\\/05\\\/13\\\/minac-participa-la-evenimentul-european-noaptea-europeana-a-muzeelor-editia-2025\\\/\"},\"wordCount\":353,\"commentCount\":0,\"image\":{\"@id\":\"https:\\\/\\\/e-reporter.ro\\\/index.php\\\/2025\\\/05\\\/13\\\/minac-participa-la-evenimentul-european-noaptea-europeana-a-muzeelor-editia-2025\\\/#primaryimage\"},\"thumbnailUrl\":\"https:\\\/\\\/e-reporter.ro\\\/wp-content\\\/uploads\\\/2025\\\/05\\\/nm-c-e1747148335311.jpg\",\"keywords\":[\"Cetatea Capidava\",\"Complexul Muzeal Histria\",\"edi\u021bia 2025\",\"MINAC\",\"Muzeul de Istorie Na\u021bional\u0103 \u0219i Arheologie Constan\u021ba\",\"Noaptea European\u0103 a Muzeelor\"],\"articleSection\":[\"Actualitate\",\"Arte vizuale\",\"Artisti\",\"Interviuri\",\"Muzee\",\"News\"],\"inLanguage\":\"ro-RO\",\"potentialAction\":[{\"@type\":\"CommentAction\",\"name\":\"Comment\",\"target\":[\"https:\\\/\\\/e-reporter.ro\\\/index.php\\\/2025\\\/05\\\/13\\\/minac-participa-la-evenimentul-european-noaptea-europeana-a-muzeelor-editia-2025\\\/#respond\"]}]},{\"@type\":\"WebPage\",\"@id\":\"https:\\\/\\\/e-reporter.ro\\\/index.php\\\/2025\\\/05\\\/13\\\/minac-participa-la-evenimentul-european-noaptea-europeana-a-muzeelor-editia-2025\\\/\",\"url\":\"https:\\\/\\\/e-reporter.ro\\\/index.php\\\/2025\\\/05\\\/13\\\/minac-participa-la-evenimentul-european-noaptea-europeana-a-muzeelor-editia-2025\\\/\",\"name\":\"MINAC particip\u0103 la evenimentul european Noaptea European\u0103 a Muzeelor, edi\u021bia 2025 - e-Reporter.ro\",\"isPartOf\":{\"@id\":\"https:\\\/\\\/e-reporter.ro\\\/#website\"},\"primaryImageOfPage\":{\"@id\":\"https:\\\/\\\/e-reporter.ro\\\/index.php\\\/2025\\\/05\\\/13\\\/minac-participa-la-evenimentul-european-noaptea-europeana-a-muzeelor-editia-2025\\\/#primaryimage\"},\"image\":{\"@id\":\"https:\\\/\\\/e-reporter.ro\\\/index.php\\\/2025\\\/05\\\/13\\\/minac-participa-la-evenimentul-european-noaptea-europeana-a-muzeelor-editia-2025\\\/#primaryimage\"},\"thumbnailUrl\":\"https:\\\/\\\/e-reporter.ro\\\/wp-content\\\/uploads\\\/2025\\\/05\\\/nm-c-e1747148335311.jpg\",\"datePublished\":\"2025-05-13T15:01:34+00:00\",\"dateModified\":\"2025-05-13T18:03:52+00:00\",\"author\":{\"@id\":\"https:\\\/\\\/e-reporter.ro\\\/#\\\/schema\\\/person\\\/56e7a364fdb56415f6d940e1632f5f9a\"},\"breadcrumb\":{\"@id\":\"https:\\\/\\\/e-reporter.ro\\\/index.php\\\/2025\\\/05\\\/13\\\/minac-participa-la-evenimentul-european-noaptea-europeana-a-muzeelor-editia-2025\\\/#breadcrumb\"},\"inLanguage\":\"ro-RO\",\"potentialAction\":[{\"@type\":\"ReadAction\",\"target\":[\"https:\\\/\\\/e-reporter.ro\\\/index.php\\\/2025\\\/05\\\/13\\\/minac-participa-la-evenimentul-european-noaptea-europeana-a-muzeelor-editia-2025\\\/\"]}]},{\"@type\":\"ImageObject\",\"inLanguage\":\"ro-RO\",\"@id\":\"https:\\\/\\\/e-reporter.ro\\\/index.php\\\/2025\\\/05\\\/13\\\/minac-participa-la-evenimentul-european-noaptea-europeana-a-muzeelor-editia-2025\\\/#primaryimage\",\"url\":\"https:\\\/\\\/e-reporter.ro\\\/wp-content\\\/uploads\\\/2025\\\/05\\\/nm-c-e1747148335311.jpg\",\"contentUrl\":\"https:\\\/\\\/e-reporter.ro\\\/wp-content\\\/uploads\\\/2025\\\/05\\\/nm-c-e1747148335311.jpg\",\"width\":326,\"height\":436},{\"@type\":\"BreadcrumbList\",\"@id\":\"https:\\\/\\\/e-reporter.ro\\\/index.php\\\/2025\\\/05\\\/13\\\/minac-participa-la-evenimentul-european-noaptea-europeana-a-muzeelor-editia-2025\\\/#breadcrumb\",\"itemListElement\":[{\"@type\":\"ListItem\",\"position\":1,\"name\":\"Prima pagin\u0103\",\"item\":\"https:\\\/\\\/e-reporter.ro\\\/\"},{\"@type\":\"ListItem\",\"position\":2,\"name\":\"MINAC particip\u0103 la evenimentul european Noaptea European\u0103 a Muzeelor, edi\u021bia 2025\"}]},{\"@type\":\"WebSite\",\"@id\":\"https:\\\/\\\/e-reporter.ro\\\/#website\",\"url\":\"https:\\\/\\\/e-reporter.ro\\\/\",\"name\":\"e-Reporter.ro\",\"description\":\"Un ziar ce nu poate fi cumparat!\",\"potentialAction\":[{\"@type\":\"SearchAction\",\"target\":{\"@type\":\"EntryPoint\",\"urlTemplate\":\"https:\\\/\\\/e-reporter.ro\\\/?s={search_term_string}\"},\"query-input\":{\"@type\":\"PropertyValueSpecification\",\"valueRequired\":true,\"valueName\":\"search_term_string\"}}],\"inLanguage\":\"ro-RO\"},{\"@type\":\"Person\",\"@id\":\"https:\\\/\\\/e-reporter.ro\\\/#\\\/schema\\\/person\\\/56e7a364fdb56415f6d940e1632f5f9a\",\"name\":\"Gina C.\",\"image\":{\"@type\":\"ImageObject\",\"inLanguage\":\"ro-RO\",\"@id\":\"https:\\\/\\\/secure.gravatar.com\\\/avatar\\\/2ae42d577154cfc7db575210a060e752bfe74ea9ff07ac02598309fb84ebd983?s=96&d=mm&r=g\",\"url\":\"https:\\\/\\\/secure.gravatar.com\\\/avatar\\\/2ae42d577154cfc7db575210a060e752bfe74ea9ff07ac02598309fb84ebd983?s=96&d=mm&r=g\",\"contentUrl\":\"https:\\\/\\\/secure.gravatar.com\\\/avatar\\\/2ae42d577154cfc7db575210a060e752bfe74ea9ff07ac02598309fb84ebd983?s=96&d=mm&r=g\",\"caption\":\"Gina C.\"},\"sameAs\":[\"http:\\\/\\\/e-reporter.ro\"],\"url\":\"https:\\\/\\\/e-reporter.ro\\\/index.php\\\/author\\\/hoesqcmghs\\\/\"}]}<\/script>\n<!-- \/ Yoast SEO plugin. -->","yoast_head_json":{"title":"MINAC particip\u0103 la evenimentul european Noaptea European\u0103 a Muzeelor, edi\u021bia 2025 - e-Reporter.ro","robots":{"index":"index","follow":"follow","max-snippet":"max-snippet:-1","max-image-preview":"max-image-preview:large","max-video-preview":"max-video-preview:-1"},"canonical":"https:\/\/e-reporter.ro\/index.php\/2025\/05\/13\/minac-participa-la-evenimentul-european-noaptea-europeana-a-muzeelor-editia-2025\/","og_locale":"ro_RO","og_type":"article","og_title":"MINAC particip\u0103 la evenimentul european Noaptea European\u0103 a Muzeelor, edi\u021bia 2025 - e-Reporter.ro","og_description":"Deja tradi\u021bional, Muzeul de Istorie Na\u021bional\u0103 \u0219i Arheologie Constan\u021ba (MINAC) particip\u0103 la evenimentul european Noaptea European\u0103 a Muzeelor, edi\u021bia 2025. Programul zilei \u0219i serii de 17 mai include tururi ghidate la obiectivele sale muzeale, cu intrare gratuit\u0103 pentru toate categoriile de vizitatori, ateliere pentru copii \u0219i activit\u0103\u021bi de popularizare a patrimoniului. Obiectivele MINAC din jude\u021bul...","og_url":"https:\/\/e-reporter.ro\/index.php\/2025\/05\/13\/minac-participa-la-evenimentul-european-noaptea-europeana-a-muzeelor-editia-2025\/","og_site_name":"e-Reporter.ro","article_published_time":"2025-05-13T15:01:34+00:00","article_modified_time":"2025-05-13T18:03:52+00:00","og_image":[{"width":326,"height":436,"url":"https:\/\/e-reporter.ro\/wp-content\/uploads\/2025\/05\/nm-c-e1747148335311.jpg","type":"image\/jpeg"}],"author":"Gina C.","twitter_card":"summary_large_image","twitter_misc":{"Scris de":"Gina C.","Timp estimat pentru citire":"2 minute"},"schema":{"@context":"https:\/\/schema.org","@graph":[{"@type":"Article","@id":"https:\/\/e-reporter.ro\/index.php\/2025\/05\/13\/minac-participa-la-evenimentul-european-noaptea-europeana-a-muzeelor-editia-2025\/#article","isPartOf":{"@id":"https:\/\/e-reporter.ro\/index.php\/2025\/05\/13\/minac-participa-la-evenimentul-european-noaptea-europeana-a-muzeelor-editia-2025\/"},"author":{"name":"Gina C.","@id":"https:\/\/e-reporter.ro\/#\/schema\/person\/56e7a364fdb56415f6d940e1632f5f9a"},"headline":"MINAC particip\u0103 la evenimentul european Noaptea European\u0103 a Muzeelor, edi\u021bia 2025","datePublished":"2025-05-13T15:01:34+00:00","dateModified":"2025-05-13T18:03:52+00:00","mainEntityOfPage":{"@id":"https:\/\/e-reporter.ro\/index.php\/2025\/05\/13\/minac-participa-la-evenimentul-european-noaptea-europeana-a-muzeelor-editia-2025\/"},"wordCount":353,"commentCount":0,"image":{"@id":"https:\/\/e-reporter.ro\/index.php\/2025\/05\/13\/minac-participa-la-evenimentul-european-noaptea-europeana-a-muzeelor-editia-2025\/#primaryimage"},"thumbnailUrl":"https:\/\/e-reporter.ro\/wp-content\/uploads\/2025\/05\/nm-c-e1747148335311.jpg","keywords":["Cetatea Capidava","Complexul Muzeal Histria","edi\u021bia 2025","MINAC","Muzeul de Istorie Na\u021bional\u0103 \u0219i Arheologie Constan\u021ba","Noaptea European\u0103 a Muzeelor"],"articleSection":["Actualitate","Arte vizuale","Artisti","Interviuri","Muzee","News"],"inLanguage":"ro-RO","potentialAction":[{"@type":"CommentAction","name":"Comment","target":["https:\/\/e-reporter.ro\/index.php\/2025\/05\/13\/minac-participa-la-evenimentul-european-noaptea-europeana-a-muzeelor-editia-2025\/#respond"]}]},{"@type":"WebPage","@id":"https:\/\/e-reporter.ro\/index.php\/2025\/05\/13\/minac-participa-la-evenimentul-european-noaptea-europeana-a-muzeelor-editia-2025\/","url":"https:\/\/e-reporter.ro\/index.php\/2025\/05\/13\/minac-participa-la-evenimentul-european-noaptea-europeana-a-muzeelor-editia-2025\/","name":"MINAC particip\u0103 la evenimentul european Noaptea European\u0103 a Muzeelor, edi\u021bia 2025 - e-Reporter.ro","isPartOf":{"@id":"https:\/\/e-reporter.ro\/#website"},"primaryImageOfPage":{"@id":"https:\/\/e-reporter.ro\/index.php\/2025\/05\/13\/minac-participa-la-evenimentul-european-noaptea-europeana-a-muzeelor-editia-2025\/#primaryimage"},"image":{"@id":"https:\/\/e-reporter.ro\/index.php\/2025\/05\/13\/minac-participa-la-evenimentul-european-noaptea-europeana-a-muzeelor-editia-2025\/#primaryimage"},"thumbnailUrl":"https:\/\/e-reporter.ro\/wp-content\/uploads\/2025\/05\/nm-c-e1747148335311.jpg","datePublished":"2025-05-13T15:01:34+00:00","dateModified":"2025-05-13T18:03:52+00:00","author":{"@id":"https:\/\/e-reporter.ro\/#\/schema\/person\/56e7a364fdb56415f6d940e1632f5f9a"},"breadcrumb":{"@id":"https:\/\/e-reporter.ro\/index.php\/2025\/05\/13\/minac-participa-la-evenimentul-european-noaptea-europeana-a-muzeelor-editia-2025\/#breadcrumb"},"inLanguage":"ro-RO","potentialAction":[{"@type":"ReadAction","target":["https:\/\/e-reporter.ro\/index.php\/2025\/05\/13\/minac-participa-la-evenimentul-european-noaptea-europeana-a-muzeelor-editia-2025\/"]}]},{"@type":"ImageObject","inLanguage":"ro-RO","@id":"https:\/\/e-reporter.ro\/index.php\/2025\/05\/13\/minac-participa-la-evenimentul-european-noaptea-europeana-a-muzeelor-editia-2025\/#primaryimage","url":"https:\/\/e-reporter.ro\/wp-content\/uploads\/2025\/05\/nm-c-e1747148335311.jpg","contentUrl":"https:\/\/e-reporter.ro\/wp-content\/uploads\/2025\/05\/nm-c-e1747148335311.jpg","width":326,"height":436},{"@type":"BreadcrumbList","@id":"https:\/\/e-reporter.ro\/index.php\/2025\/05\/13\/minac-participa-la-evenimentul-european-noaptea-europeana-a-muzeelor-editia-2025\/#breadcrumb","itemListElement":[{"@type":"ListItem","position":1,"name":"Prima pagin\u0103","item":"https:\/\/e-reporter.ro\/"},{"@type":"ListItem","position":2,"name":"MINAC particip\u0103 la evenimentul european Noaptea European\u0103 a Muzeelor, edi\u021bia 2025"}]},{"@type":"WebSite","@id":"https:\/\/e-reporter.ro\/#website","url":"https:\/\/e-reporter.ro\/","name":"e-Reporter.ro","description":"Un ziar ce nu poate fi cumparat!","potentialAction":[{"@type":"SearchAction","target":{"@type":"EntryPoint","urlTemplate":"https:\/\/e-reporter.ro\/?s={search_term_string}"},"query-input":{"@type":"PropertyValueSpecification","valueRequired":true,"valueName":"search_term_string"}}],"inLanguage":"ro-RO"},{"@type":"Person","@id":"https:\/\/e-reporter.ro\/#\/schema\/person\/56e7a364fdb56415f6d940e1632f5f9a","name":"Gina C.","image":{"@type":"ImageObject","inLanguage":"ro-RO","@id":"https:\/\/secure.gravatar.com\/avatar\/2ae42d577154cfc7db575210a060e752bfe74ea9ff07ac02598309fb84ebd983?s=96&d=mm&r=g","url":"https:\/\/secure.gravatar.com\/avatar\/2ae42d577154cfc7db575210a060e752bfe74ea9ff07ac02598309fb84ebd983?s=96&d=mm&r=g","contentUrl":"https:\/\/secure.gravatar.com\/avatar\/2ae42d577154cfc7db575210a060e752bfe74ea9ff07ac02598309fb84ebd983?s=96&d=mm&r=g","caption":"Gina C."},"sameAs":["http:\/\/e-reporter.ro"],"url":"https:\/\/e-reporter.ro\/index.php\/author\/hoesqcmghs\/"}]}},"_links":{"self":[{"href":"https:\/\/e-reporter.ro\/index.php\/wp-json\/wp\/v2\/posts\/2407","targetHints":{"allow":["GET"]}}],"collection":[{"href":"https:\/\/e-reporter.ro\/index.php\/wp-json\/wp\/v2\/posts"}],"about":[{"href":"https:\/\/e-reporter.ro\/index.php\/wp-json\/wp\/v2\/types\/post"}],"author":[{"embeddable":true,"href":"https:\/\/e-reporter.ro\/index.php\/wp-json\/wp\/v2\/users\/1"}],"replies":[{"embeddable":true,"href":"https:\/\/e-reporter.ro\/index.php\/wp-json\/wp\/v2\/comments?post=2407"}],"version-history":[{"count":1,"href":"https:\/\/e-reporter.ro\/index.php\/wp-json\/wp\/v2\/posts\/2407\/revisions"}],"predecessor-version":[{"id":2409,"href":"https:\/\/e-reporter.ro\/index.php\/wp-json\/wp\/v2\/posts\/2407\/revisions\/2409"}],"wp:featuredmedia":[{"embeddable":true,"href":"https:\/\/e-reporter.ro\/index.php\/wp-json\/wp\/v2\/media\/2408"}],"wp:attachment":[{"href":"https:\/\/e-reporter.ro\/index.php\/wp-json\/wp\/v2\/media?parent=2407"}],"wp:term":[{"taxonomy":"category","embeddable":true,"href":"https:\/\/e-reporter.ro\/index.php\/wp-json\/wp\/v2\/categories?post=2407"},{"taxonomy":"post_tag","embeddable":true,"href":"https:\/\/e-reporter.ro\/index.php\/wp-json\/wp\/v2\/tags?post=2407"}],"curies":[{"name":"wp","href":"https:\/\/api.w.org\/{rel}","templated":true}]}}